{"id":115393,"date":"2021-04-21T17:00:23","date_gmt":"2021-04-21T21:00:23","guid":{"rendered":"https:\/\/linitiative.ca\/International\/reunion-autour-du-programme-de-developpement-des-centres-ruraux-emergents\/"},"modified":"2021-04-21T17:00:23","modified_gmt":"2021-04-21T21:00:23","slug":"reunion-autour-du-programme-de-developpement-des-centres-ruraux-emergents","status":"publish","type":"post","link":"https:\/\/linitiative.ca\/International\/reunion-autour-du-programme-de-developpement-des-centres-ruraux-emergents\/","title":{"rendered":"R\u00e9union autour du programme de d\u00e9veloppement des centres ruraux \u00e9mergents"},"content":{"rendered":"<p class=\"c4\">Le si\u00e8ge de la pr\u00e9fecture de la province de Guercif a accueilli, mardi, une r\u00e9union ax\u00e9e sur la vision strat\u00e9gique du Programme national pour le d\u00e9veloppement int\u00e9gr\u00e9 des centres ruraux \u00e9mergents, avec la commune de Taddart (province de Guercif) comme exemple.<\/p>\n<p class=\"c4\">Cette r\u00e9union, pr\u00e9sid\u00e9e par le gouverneur de la province de Guercif, Hassan Belmahi, a connu la pr\u00e9sentation d\u2019un diagnostic territorial de la r\u00e9gion de l\u2019Oriental, de la province de Guercif et de la commune de Taddart en tant que centre rural \u00e9mergent, avec un accent mis sur les potentialit\u00e9s de ce centre rural et de la province en g\u00e9n\u00e9ral et sur les difficult\u00e9s enregistr\u00e9es sur la voie du d\u00e9veloppement.<\/p>\n<p class=\"c4\">Les participants \u00e0 cette rencontre ont soulign\u00e9 l\u2019importance de renforcer les liens entre milieux urbain et rural et d\u2019\u0153uvrer pour r\u00e9duire la migration vers les villes, tout en accompagnant la dynamique que connaissent certains centres ruraux \u00e0 travers des projets territoriaux, selon une approche contractuelle et participative.<\/p>\n<p class=\"c4\">Le Programme national pour le d\u00e9veloppement int\u00e9gr\u00e9 des centres ruraux \u00e9mergents est \u00e0 m\u00eame de favoriser la concentration de l\u2019investissement public dans certains centres ruraux qui permettront d\u2019encadrer les zones rurales environnantes et mettre \u00e0 niveau l\u2019\u00e9conomie rurale, de mani\u00e8re \u00e0 r\u00e9duire les disparit\u00e9s territoriales et am\u00e9liorer les conditions de vie des zones cibles, ont estim\u00e9 les participants.<\/p>\n<p class=\"c4\">La r\u00e9union a aussi offert l\u2019occasion de discuter des projets pr\u00e9vus pour le centre de Taddart, et de formuler des propositions de nature \u00e0 contribuer au d\u00e9veloppement aussi bien du milieu rural qu\u2019urbain au niveau de la province de Guercif.<\/p>\n<p class=\"c4\">Le Programme national pour le d\u00e9veloppement int\u00e9gr\u00e9 des centres ruraux \u00e9mergents, qui s\u2019inscrit dans le cadre d\u2019une nouvelle \u00e9tape de la politique d\u2019am\u00e9nagement du territoire lanc\u00e9e par le d\u00e9partement de tutelle, vise \u00e0 promouvoir une vision globale pour le d\u00e9veloppement des centres ruraux \u00e9mergents et \u00e0 accompagner les acteurs r\u00e9gionaux et locaux \u00e0 cet effet.<\/p>\n<p class=\"c4\">Cette r\u00e9union, tenue dans le cadre de la mise en \u0153uvre des Haute orientations royales relatives au d\u00e9veloppement du monde rural, a connu la participation notamment du secr\u00e9taire g\u00e9n\u00e9ral de la province de Guercif, de l\u2019inspecteur r\u00e9gional de l\u2019Urbanisme, du pr\u00e9sident du Conseil provincial, du pr\u00e9sident de la commune de Taddart, du directeur de l\u2019Agence urbaine de Nador et des chefs des services d\u00e9centralis\u00e9s de la province.<\/p>\n<p>Auteur: Soufiane ELAHMAR<br \/>\n<a href=\"http:\/\/www.mapoujda.ma\/fr\/reunion-autour-du-programme-de-developpement-des-centres-ruraux-emergents\/\">Cliquez ici pour lire l&rsquo;article depuis sa source.<\/a><\/p>\n","protected":false},"excerpt":{"rendered":"<p>Le si\u00e8ge de la pr\u00e9fecture de la province de Guercif a accueilli, mardi, une r\u00e9union ax\u00e9e sur la vision strat\u00e9gique du Programme national pour le d\u00e9veloppement int\u00e9gr\u00e9 des centres ruraux \u00e9mergents, avec la commune de Taddart (province de Guercif) comme exemple. Cette r\u00e9union, pr\u00e9sid\u00e9e par le gouverneur de la province de Guercif, Hassan Belmahi, a [&hellip;]<\/p>\n","protected":false},"author":1788,"featured_media":0,"comment_status":"closed","ping_status":"closed","sticky":false,"template":"","format":"standard","meta":{"fifu_image_url":"","fifu_image_alt":"","footnotes":""},"categories":[54,76],"tags":[],"class_list":["post-115393","post","type-post","status-publish","format-standard","hentry","category-maroc","category-regions"],"_links":{"self":[{"href":"https:\/\/linitiative.ca\/International\/wp-json\/wp\/v2\/posts\/115393","targetHints":{"allow":["GET"]}}],"collection":[{"href":"https:\/\/linitiative.ca\/International\/wp-json\/wp\/v2\/posts"}],"about":[{"href":"https:\/\/linitiative.ca\/International\/wp-json\/wp\/v2\/types\/post"}],"author":[{"embeddable":true,"href":"https:\/\/linitiative.ca\/International\/wp-json\/wp\/v2\/users\/1788"}],"replies":[{"embeddable":true,"href":"https:\/\/linitiative.ca\/International\/wp-json\/wp\/v2\/comments?post=115393"}],"version-history":[{"count":0,"href":"https:\/\/linitiative.ca\/International\/wp-json\/wp\/v2\/posts\/115393\/revisions"}],"wp:attachment":[{"href":"https:\/\/linitiative.ca\/International\/wp-json\/wp\/v2\/media?parent=115393"}],"wp:term":[{"taxonomy":"category","embeddable":true,"href":"https:\/\/linitiative.ca\/International\/wp-json\/wp\/v2\/categories?post=115393"},{"taxonomy":"post_tag","embeddable":true,"href":"https:\/\/linitiative.ca\/International\/wp-json\/wp\/v2\/tags?post=115393"}],"curies":[{"name":"wp","href":"https:\/\/api.w.org\/{rel}","templated":true}]}}