{"id":115394,"date":"2021-04-21T17:15:18","date_gmt":"2021-04-21T21:15:18","guid":{"rendered":"https:\/\/linitiative.ca\/International\/aeroport-de-nador-baisse-de-pres-de-38-du-trafic-passagers-a-fin-mars\/"},"modified":"2021-04-21T17:15:18","modified_gmt":"2021-04-21T21:15:18","slug":"aeroport-de-nador-baisse-de-pres-de-38-du-trafic-passagers-a-fin-mars","status":"publish","type":"post","link":"https:\/\/linitiative.ca\/International\/aeroport-de-nador-baisse-de-pres-de-38-du-trafic-passagers-a-fin-mars\/","title":{"rendered":"A\u00e9roport de Nador: Baisse de pr\u00e8s de 38% du trafic passagers \u00e0 fin mars"},"content":{"rendered":"<p class=\"c4\">Le nombre de passagers qui ont utilis\u00e9 l\u2019a\u00e9roport de Nador-Al Aroui durant le premier trimestre de cette ann\u00e9e a connu une baisse de 37,73 pc par rapport \u00e0 la m\u00eame p\u00e9riode de l\u2019ann\u00e9e 2020.<\/p>\n<p class=\"c4\">Les statistiques de l\u2019Office national des a\u00e9roports (ONDA) montrent que les passagers ayant transit\u00e9 via cet a\u00e9roport \u00e0 fin mars 2021 sont au nombre de 86.380, contre 138.716 durant la m\u00eame p\u00e9riode de 2020 et 153.377 en 2019.<\/p>\n<p class=\"c4\">Pour le seul mois de mars dernier, le nombre de passagers enregistr\u00e9s au niveau de l\u2019a\u00e9roport de Nador a atteint 21.318 voyageurs contre 27.654 passagers durant le m\u00eame mois de l\u2019ann\u00e9e \u00e9coul\u00e9e, soit une diminution de 22,91pc.<\/p>\n<p class=\"c4\">Ce r\u00e9sultat place cette plateforme a\u00e9roportuaire \u00e0 la 5\u00e8me place \u00e0 l\u2019\u00e9chelon national et au premier rang sur le plan r\u00e9gional devant l\u2019a\u00e9roport Oujda-Angad et celui de Bouarfa.<\/p>\n<p class=\"c4\">La ville de Nador est desservie \u00e0 partir de plusieurs a\u00e9roports notamment Bruxelles et Charleroi (Belgique), Amsterdam (Pays-Bas), Paris, Marseille et Montpellier (France), Madrid, Barcelone, Majorque et G\u00e9rone (Espagne), Francfort, Cologne et Dusseldorf (Allemagne).<\/p>\n<p class=\"c4\">Les a\u00e9roports du Royaume ont enregistr\u00e9 en mars 2021, un volume de trafic commercial passager de 400.863passagers contre 2.066.199 passagers en mars 2019, et 941.790 passagers le mois de mars 2020, soit une baisse respectivement de l\u2019ordre de 80,60 pc et 57,44 pc.<\/p>\n<p>Auteur: Soufiane ELAHMAR<br \/>\n<a href=\"http:\/\/www.mapoujda.ma\/fr\/aeroport-de-nador-baisse-de-pres-de-38-du-trafic-passagers-a-fin-mars\/\">Cliquez ici pour lire l&rsquo;article depuis sa source.<\/a><\/p>\n","protected":false},"excerpt":{"rendered":"<p>Le nombre de passagers qui ont utilis\u00e9 l\u2019a\u00e9roport de Nador-Al Aroui durant le premier trimestre de cette ann\u00e9e a connu une baisse de 37,73 pc par rapport \u00e0 la m\u00eame p\u00e9riode de l\u2019ann\u00e9e 2020. Les statistiques de l\u2019Office national des a\u00e9roports (ONDA) montrent que les passagers ayant transit\u00e9 via cet a\u00e9roport \u00e0 fin mars 2021 [&hellip;]<\/p>\n","protected":false},"author":1788,"featured_media":0,"comment_status":"closed","ping_status":"closed","sticky":false,"template":"","format":"standard","meta":{"fifu_image_url":"","fifu_image_alt":"","footnotes":""},"categories":[54,76],"tags":[],"class_list":["post-115394","post","type-post","status-publish","format-standard","hentry","category-maroc","category-regions"],"_links":{"self":[{"href":"https:\/\/linitiative.ca\/International\/wp-json\/wp\/v2\/posts\/115394","targetHints":{"allow":["GET"]}}],"collection":[{"href":"https:\/\/linitiative.ca\/International\/wp-json\/wp\/v2\/posts"}],"about":[{"href":"https:\/\/linitiative.ca\/International\/wp-json\/wp\/v2\/types\/post"}],"author":[{"embeddable":true,"href":"https:\/\/linitiative.ca\/International\/wp-json\/wp\/v2\/users\/1788"}],"replies":[{"embeddable":true,"href":"https:\/\/linitiative.ca\/International\/wp-json\/wp\/v2\/comments?post=115394"}],"version-history":[{"count":0,"href":"https:\/\/linitiative.ca\/International\/wp-json\/wp\/v2\/posts\/115394\/revisions"}],"wp:attachment":[{"href":"https:\/\/linitiative.ca\/International\/wp-json\/wp\/v2\/media?parent=115394"}],"wp:term":[{"taxonomy":"category","embeddable":true,"href":"https:\/\/linitiative.ca\/International\/wp-json\/wp\/v2\/categories?post=115394"},{"taxonomy":"post_tag","embeddable":true,"href":"https:\/\/linitiative.ca\/International\/wp-json\/wp\/v2\/tags?post=115394"}],"curies":[{"name":"wp","href":"https:\/\/api.w.org\/{rel}","templated":true}]}}