{"id":115397,"date":"2021-04-22T11:04:53","date_gmt":"2021-04-22T15:04:53","guid":{"rendered":"https:\/\/linitiative.ca\/International\/lexamen-du-bts-du-17-au-21-mai-ministere\/"},"modified":"2021-04-22T11:04:53","modified_gmt":"2021-04-22T15:04:53","slug":"lexamen-du-bts-du-17-au-21-mai-ministere","status":"publish","type":"post","link":"https:\/\/linitiative.ca\/International\/lexamen-du-bts-du-17-au-21-mai-ministere\/","title":{"rendered":"L\u2019examen du BTS du 17 au 21 mai (minist\u00e8re)"},"content":{"rendered":"<div class=\"single-featured\"><img alt=\"\" data-src=\"http:\/\/www.mapoujda.ma\/map\/uploads\/2021\/01\/Si\u00e8ge-Minist\u00e8re-de-l\u2019\u00c9ducation-Nationale-750\u00d7430-MAP.jpg\"\/><\/div>\n<div class=\"entry-content clearfix single-post-content\" readability=\"58\">\n<p class=\"c4\">L\u2019examen du Brevet de technicien sup\u00e9rieur (BTS), au titre de la session 2021, aura lieu du 17 au 21 mai, a annonc\u00e9 jeudi le minist\u00e8re de l\u2019\u00c9ducation nationale, de la Formation professionnelle, de l\u2019Enseignement sup\u00e9rieur et de la recherche scientifique.<\/p>\n<p class=\"c4\">Les dates des \u00e9preuves sont susceptibles d\u2019\u00eatre modifi\u00e9es en fonction du d\u00e9veloppement de la situation \u00e9pid\u00e9miologique dans le pays, pr\u00e9vient le minist\u00e8re, notant que les conditions et dispositions de d\u00e9roulement de ces \u00e9preuves seront fix\u00e9es par les autorit\u00e9s comp\u00e9tentes \u00ab\u00a0dans les semaines et mois \u00e0 venir\u00a0\u00bb.<\/p>\n<p class=\"c4\">D\u2019autre part, il a \u00e9t\u00e9 d\u00e9cid\u00e9 d\u2019adopter des cadres r\u00e9f\u00e9rentiels actualis\u00e9s dans la d\u00e9termination des sujets d\u2019examens du BTS , \u00e0 la lumi\u00e8re des taux d\u2019ex\u00e9cution diff\u00e9renci\u00e9s des programmes dans les diff\u00e9rents cycles.<\/p>\n<p class=\"c4\">Cette mesure qui participe du souci de garantir l\u2019\u00e9galit\u00e9 des chances pour tous les candidats, a \u00e9t\u00e9 prise par consid\u00e9ration aux disparit\u00e9s constat\u00e9es concernant la cadence d\u2019ex\u00e9cution des programmes, pr\u00e9cise-t-on de m\u00eame source.<\/p>\n<\/div>\n<p>Auteur: Soufiane ELAHMAR<br \/>\n<a href=\"http:\/\/www.mapoujda.ma\/fr\/lexamen-du-bts-du-17-au-21-mai-ministere\/\">Cliquez ici pour lire l&rsquo;article depuis sa source.<\/a><\/p>\n","protected":false},"excerpt":{"rendered":"<p>L\u2019examen du Brevet de technicien sup\u00e9rieur (BTS), au titre de la session 2021, aura lieu du 17 au 21 mai, a annonc\u00e9 jeudi le minist\u00e8re de l\u2019\u00c9ducation nationale, de la Formation professionnelle, de l\u2019Enseignement sup\u00e9rieur et de la recherche scientifique. Les dates des \u00e9preuves sont susceptibles d\u2019\u00eatre modifi\u00e9es en fonction du d\u00e9veloppement de la situation [&hellip;]<\/p>\n","protected":false},"author":1788,"featured_media":0,"comment_status":"closed","ping_status":"closed","sticky":false,"template":"","format":"standard","meta":{"fifu_image_url":"http:\/\/www.mapoujda.ma\/map\/uploads\/2021\/01\/Si\u00e8ge-Minist\u00e8re-de-l\u2019\u00c9ducation-Nationale-750\u00d7430-MAP.jpg","fifu_image_alt":"L\u2019examen du BTS du 17 au 21 mai (minist\u00e8re)","footnotes":""},"categories":[54,76],"tags":[],"class_list":["post-115397","post","type-post","status-publish","format-standard","hentry","category-maroc","category-regions"],"_links":{"self":[{"href":"https:\/\/linitiative.ca\/International\/wp-json\/wp\/v2\/posts\/115397","targetHints":{"allow":["GET"]}}],"collection":[{"href":"https:\/\/linitiative.ca\/International\/wp-json\/wp\/v2\/posts"}],"about":[{"href":"https:\/\/linitiative.ca\/International\/wp-json\/wp\/v2\/types\/post"}],"author":[{"embeddable":true,"href":"https:\/\/linitiative.ca\/International\/wp-json\/wp\/v2\/users\/1788"}],"replies":[{"embeddable":true,"href":"https:\/\/linitiative.ca\/International\/wp-json\/wp\/v2\/comments?post=115397"}],"version-history":[{"count":0,"href":"https:\/\/linitiative.ca\/International\/wp-json\/wp\/v2\/posts\/115397\/revisions"}],"wp:attachment":[{"href":"https:\/\/linitiative.ca\/International\/wp-json\/wp\/v2\/media?parent=115397"}],"wp:term":[{"taxonomy":"category","embeddable":true,"href":"https:\/\/linitiative.ca\/International\/wp-json\/wp\/v2\/categories?post=115397"},{"taxonomy":"post_tag","embeddable":true,"href":"https:\/\/linitiative.ca\/International\/wp-json\/wp\/v2\/tags?post=115397"}],"curies":[{"name":"wp","href":"https:\/\/api.w.org\/{rel}","templated":true}]}}