{"id":115399,"date":"2021-04-22T15:14:19","date_gmt":"2021-04-22T19:14:19","guid":{"rendered":"https:\/\/linitiative.ca\/International\/pros-man-city-mahrez-implique-dans-les-deux-buts-face-a-aston-villa-en-premiere-periode-video\/"},"modified":"2021-04-22T15:14:19","modified_gmt":"2021-04-22T19:14:19","slug":"pros-man-city-mahrez-implique-dans-les-deux-buts-face-a-aston-villa-en-premiere-periode-video","status":"publish","type":"post","link":"https:\/\/linitiative.ca\/International\/pros-man-city-mahrez-implique-dans-les-deux-buts-face-a-aston-villa-en-premiere-periode-video\/","title":{"rendered":"Pros : Man City : Mahrez impliqu\u00e9 dans les deux buts face \u00e0 Aston Villa en premi\u00e8re p\u00e9riode (Vid\u00e9o)"},"content":{"rendered":"<div readability=\"32\">\n<p>Auteur : <span class=\"time\">mercredi 21 avril 2021 21:32<\/span><\/p>\n<\/div>\n<div id=\"post_core\" readability=\"27.334710743802\">\n<p>Les internationaux alg\u00e9rien et portugais ont combin\u00e9 sur leur c\u00f4t\u00e9 droit pour donner les deux buts de Manchester City en premi\u00e8re p\u00e9riode face \u00e0 Aston Villa :<\/p>\n<p><strong><a href=\"https:\/\/streamgg.com\/ib\/gcUdzUfSoK\"><span class=\"c2\">Lien vid\u00e9o but de Phil Foden<\/span><\/a><\/strong><\/p>\n<p><strong><a href=\"https:\/\/streamgg.com\/ib\/rzrCkAraUv\"><span class=\"c2\">Lien vid\u00e9o but de Rodri<\/span><\/a><\/strong><\/p>\n<p><strong>Publi\u00e9 dans :<\/strong> <span>Mahrez<\/span><\/p>\n<\/div>\n<p>Auteur:<br \/>\n<a href=\"http:\/\/www.lebuteur.com\/article\/detail?titre=man-city-mahrez-implique-dans-les-deux-buts-face-a-aston-villa-en-premiere-periode-video&#038;id=99799&#038;utm_source=feedburner&#038;utm_medium=feed&#038;utm_campaign=Feed%3A+GalerieFArtciles+%28Les+derniers+articles++-+lebuteur.com%29\">Cliquez ici pour lire l&rsquo;article depuis sa source.<\/a><\/p>\n","protected":false},"excerpt":{"rendered":"<p>Auteur : mercredi 21 avril 2021 21:32 Les internationaux alg\u00e9rien et portugais ont combin\u00e9 sur leur c\u00f4t\u00e9 droit pour donner les deux buts de Manchester City en premi\u00e8re p\u00e9riode face \u00e0 Aston Villa : Lien vid\u00e9o but de Phil Foden Lien vid\u00e9o but de Rodri Publi\u00e9 dans : Mahrez Auteur: Cliquez ici pour lire l&rsquo;article [&hellip;]<\/p>\n","protected":false},"author":1738,"featured_media":0,"comment_status":"closed","ping_status":"closed","sticky":false,"template":"","format":"standard","meta":{"fifu_image_url":"\/\/cdn.lebuteur.com\/data\/images\/article\/thumbs\/large-man-city-mahrez-implique-dans-les-deux-buts-face-a-aston-villa-en-premiere-periode-video-df870.jpg","fifu_image_alt":"Pros : Man City : Mahrez impliqu\u00e9 dans les deux buts face \u00e0 Aston Villa en premi\u00e8re p\u00e9riode (Vid\u00e9o)","footnotes":""},"categories":[53,75],"tags":[],"class_list":["post-115399","post","type-post","status-publish","format-standard","hentry","category-algerie","category-sport"],"_links":{"self":[{"href":"https:\/\/linitiative.ca\/International\/wp-json\/wp\/v2\/posts\/115399","targetHints":{"allow":["GET"]}}],"collection":[{"href":"https:\/\/linitiative.ca\/International\/wp-json\/wp\/v2\/posts"}],"about":[{"href":"https:\/\/linitiative.ca\/International\/wp-json\/wp\/v2\/types\/post"}],"author":[{"embeddable":true,"href":"https:\/\/linitiative.ca\/International\/wp-json\/wp\/v2\/users\/1738"}],"replies":[{"embeddable":true,"href":"https:\/\/linitiative.ca\/International\/wp-json\/wp\/v2\/comments?post=115399"}],"version-history":[{"count":0,"href":"https:\/\/linitiative.ca\/International\/wp-json\/wp\/v2\/posts\/115399\/revisions"}],"wp:attachment":[{"href":"https:\/\/linitiative.ca\/International\/wp-json\/wp\/v2\/media?parent=115399"}],"wp:term":[{"taxonomy":"category","embeddable":true,"href":"https:\/\/linitiative.ca\/International\/wp-json\/wp\/v2\/categories?post=115399"},{"taxonomy":"post_tag","embeddable":true,"href":"https:\/\/linitiative.ca\/International\/wp-json\/wp\/v2\/tags?post=115399"}],"curies":[{"name":"wp","href":"https:\/\/api.w.org\/{rel}","templated":true}]}}