{"id":115400,"date":"2021-04-22T15:14:21","date_gmt":"2021-04-22T19:14:21","guid":{"rendered":"https:\/\/linitiative.ca\/International\/international-real-zidane-a-un-voeu-a-faire-concernant-benzema\/"},"modified":"2021-04-22T15:14:21","modified_gmt":"2021-04-22T19:14:21","slug":"international-real-zidane-a-un-voeu-a-faire-concernant-benzema","status":"publish","type":"post","link":"https:\/\/linitiative.ca\/International\/international-real-zidane-a-un-voeu-a-faire-concernant-benzema\/","title":{"rendered":"International : Real : Zidane a un voeu \u00e0 faire concernant Benzema"},"content":{"rendered":"<div readability=\"32\">\n<p>Auteur : <span class=\"time\">jeudi 22 avril 2021 09:15<\/span><\/p>\n<\/div>\n<div id=\"post_core\" readability=\"45\">\n<p>Devant les m\u00e9dias, l&rsquo;entra\u00eeneur des Merengue Zin\u00e9dine Zidane a encens\u00e9 l&rsquo;ancien Lyonnais.<\/p>\n<p>\u00ab\u00a0Nous savons qu&rsquo;il est important, tr\u00e8s important. Il ne se contente pas de marquer des buts, il se place entre les lignes, facilement. Et quand il marque, il est parfait. Je suis content de ce qu&rsquo;il fait. C&rsquo;est un joueur important pour nous, pour notre jeu, pas seulement pour marquer des buts. Il fait jouer les autres. Nous l&rsquo;appr\u00e9cions et j&rsquo;esp\u00e8re que le Real Madrid pourra en profiter encore longtemps\u00a0\u00bb, a comment\u00e9 le technicien fran\u00e7ais comme le rapporte Maxifoot.<\/p>\n<p><strong>Publi\u00e9 dans :<\/strong> <span>benzema<\/span><\/p>\n<\/div>\n<p>Auteur:<br \/>\n<a href=\"http:\/\/www.lebuteur.com\/article\/detail?titre=real-zidane-a-un-voeu-a-faire-concernant-benzema&#038;id=99800&#038;utm_source=feedburner&#038;utm_medium=feed&#038;utm_campaign=Feed%3A+GalerieFArtciles+%28Les+derniers+articles++-+lebuteur.com%29\">Cliquez ici pour lire l&rsquo;article depuis sa source.<\/a><\/p>\n","protected":false},"excerpt":{"rendered":"<p>Auteur : jeudi 22 avril 2021 09:15 Devant les m\u00e9dias, l&rsquo;entra\u00eeneur des Merengue Zin\u00e9dine Zidane a encens\u00e9 l&rsquo;ancien Lyonnais. \u00ab\u00a0Nous savons qu&rsquo;il est important, tr\u00e8s important. Il ne se contente pas de marquer des buts, il se place entre les lignes, facilement. Et quand il marque, il est parfait. Je suis content de ce qu&rsquo;il [&hellip;]<\/p>\n","protected":false},"author":1738,"featured_media":0,"comment_status":"closed","ping_status":"closed","sticky":false,"template":"","format":"standard","meta":{"fifu_image_url":"\/\/cdn.lebuteur.com\/data\/images\/article\/thumbs\/large-real-zidane-a-un-voeu-a-faire-concernant-benzema-15c91.jpg","fifu_image_alt":"International : Real : Zidane a un voeu \u00e0 faire concernant Benzema","footnotes":""},"categories":[53,75],"tags":[],"class_list":["post-115400","post","type-post","status-publish","format-standard","hentry","category-algerie","category-sport"],"_links":{"self":[{"href":"https:\/\/linitiative.ca\/International\/wp-json\/wp\/v2\/posts\/115400","targetHints":{"allow":["GET"]}}],"collection":[{"href":"https:\/\/linitiative.ca\/International\/wp-json\/wp\/v2\/posts"}],"about":[{"href":"https:\/\/linitiative.ca\/International\/wp-json\/wp\/v2\/types\/post"}],"author":[{"embeddable":true,"href":"https:\/\/linitiative.ca\/International\/wp-json\/wp\/v2\/users\/1738"}],"replies":[{"embeddable":true,"href":"https:\/\/linitiative.ca\/International\/wp-json\/wp\/v2\/comments?post=115400"}],"version-history":[{"count":0,"href":"https:\/\/linitiative.ca\/International\/wp-json\/wp\/v2\/posts\/115400\/revisions"}],"wp:attachment":[{"href":"https:\/\/linitiative.ca\/International\/wp-json\/wp\/v2\/media?parent=115400"}],"wp:term":[{"taxonomy":"category","embeddable":true,"href":"https:\/\/linitiative.ca\/International\/wp-json\/wp\/v2\/categories?post=115400"},{"taxonomy":"post_tag","embeddable":true,"href":"https:\/\/linitiative.ca\/International\/wp-json\/wp\/v2\/tags?post=115400"}],"curies":[{"name":"wp","href":"https:\/\/api.w.org\/{rel}","templated":true}]}}