{"id":115401,"date":"2021-04-22T15:14:23","date_gmt":"2021-04-22T19:14:23","guid":{"rendered":"https:\/\/linitiative.ca\/International\/international-la-raison-etonnante-du-retrait-de-man-city-du-projet-de-super-ligue\/"},"modified":"2021-04-22T15:14:23","modified_gmt":"2021-04-22T19:14:23","slug":"international-la-raison-etonnante-du-retrait-de-man-city-du-projet-de-super-ligue","status":"publish","type":"post","link":"https:\/\/linitiative.ca\/International\/international-la-raison-etonnante-du-retrait-de-man-city-du-projet-de-super-ligue\/","title":{"rendered":"International : La raison \u00e9tonnante du retrait de Man City du projet de Super Ligue"},"content":{"rendered":"<div readability=\"32\">\n<p>Auteur : <span class=\"time\">jeudi 22 avril 2021 13:04<\/span><\/p>\n<\/div>\n<div id=\"post_core\" readability=\"56\">\n<p>Et les raisons sont assez loin du football et de l&rsquo;\u00e9conomie du sport comme l&rsquo;indique Footmercato. Le s\u00e9rieux quotidien anglais r\u00e9v\u00e8le en effet que Lord Udny-Lister, en charge des relation du Royaume-Uni avec le Golfe, a jou\u00e9 de son influence sur les propri\u00e9taire du club, l&rsquo;Abu Dhabi Group.<\/p>\n<p>\u00ab\u00a0Il leur a clairement fait comprendre que ce serait un signal tr\u00e8s positif pour les relations entre les deux pays si ce projet n&rsquo;allait pas \u00e0 son terme\u00a0\u00bb, a r\u00e9v\u00e9l\u00e9 une source proche du dossier au Times. Le message est pass\u00e9 peu apr\u00e8s la publication officielle du communiqu\u00e9 avec la menace entrouverte d&rsquo;un conflit diplomatique, pr\u00e9cise m\u00eame la publication.<\/p>\n<p>Lord Udny-Lister a agi sur ordre de Boris Johnson, premier ministre du Royaume Uni, dont il est tr\u00e8s proche depuis leur collaboration \u00e0 l&rsquo;\u00e9poque o\u00f9 le second \u00e9tait maire de Londres. Ce coup de pression politique a port\u00e9 ses fruits puisque les patrons des Skyblues, \u00e9galement mis sous pression par l&rsquo;UEFA et leurs supporters, ont rapidement d\u00e9laiss\u00e9 le projet, au grand dam de Florentino P\u00e9rez. Quand la politique se m\u00eale du football&#8230;<\/p>\n<p><strong>Publi\u00e9 dans :<\/strong> <span>Manchester City<\/span><\/p>\n<\/div>\n<p>Auteur:<br \/>\n<a href=\"http:\/\/www.lebuteur.com\/article\/detail?titre=la-raison-etonnante-du-retrait-de-man-city-du-projet-de-super-ligue&#038;id=99801&#038;utm_source=feedburner&#038;utm_medium=feed&#038;utm_campaign=Feed%3A+GalerieFArtciles+%28Les+derniers+articles++-+lebuteur.com%29\">Cliquez ici pour lire l&rsquo;article depuis sa source.<\/a><\/p>\n","protected":false},"excerpt":{"rendered":"<p>Auteur : jeudi 22 avril 2021 13:04 Et les raisons sont assez loin du football et de l&rsquo;\u00e9conomie du sport comme l&rsquo;indique Footmercato. Le s\u00e9rieux quotidien anglais r\u00e9v\u00e8le en effet que Lord Udny-Lister, en charge des relation du Royaume-Uni avec le Golfe, a jou\u00e9 de son influence sur les propri\u00e9taire du club, l&rsquo;Abu Dhabi Group. [&hellip;]<\/p>\n","protected":false},"author":1738,"featured_media":0,"comment_status":"closed","ping_status":"closed","sticky":false,"template":"","format":"standard","meta":{"fifu_image_url":"\/\/cdn.lebuteur.com\/data\/images\/article\/thumbs\/large-la-raison-etonnante-du-retrait-de-man-city-du-projet-de-super-ligue-ea30c.jpg","fifu_image_alt":"International : La raison \u00e9tonnante du retrait de Man City du projet de Super Ligue","footnotes":""},"categories":[53,75],"tags":[],"class_list":["post-115401","post","type-post","status-publish","format-standard","hentry","category-algerie","category-sport"],"_links":{"self":[{"href":"https:\/\/linitiative.ca\/International\/wp-json\/wp\/v2\/posts\/115401","targetHints":{"allow":["GET"]}}],"collection":[{"href":"https:\/\/linitiative.ca\/International\/wp-json\/wp\/v2\/posts"}],"about":[{"href":"https:\/\/linitiative.ca\/International\/wp-json\/wp\/v2\/types\/post"}],"author":[{"embeddable":true,"href":"https:\/\/linitiative.ca\/International\/wp-json\/wp\/v2\/users\/1738"}],"replies":[{"embeddable":true,"href":"https:\/\/linitiative.ca\/International\/wp-json\/wp\/v2\/comments?post=115401"}],"version-history":[{"count":0,"href":"https:\/\/linitiative.ca\/International\/wp-json\/wp\/v2\/posts\/115401\/revisions"}],"wp:attachment":[{"href":"https:\/\/linitiative.ca\/International\/wp-json\/wp\/v2\/media?parent=115401"}],"wp:term":[{"taxonomy":"category","embeddable":true,"href":"https:\/\/linitiative.ca\/International\/wp-json\/wp\/v2\/categories?post=115401"},{"taxonomy":"post_tag","embeddable":true,"href":"https:\/\/linitiative.ca\/International\/wp-json\/wp\/v2\/tags?post=115401"}],"curies":[{"name":"wp","href":"https:\/\/api.w.org\/{rel}","templated":true}]}}