{"id":115402,"date":"2021-04-22T15:14:25","date_gmt":"2021-04-22T19:14:25","guid":{"rendered":"https:\/\/linitiative.ca\/International\/international-mahrez-et-ses-coequipiers-ne-voulaient-pas-de-la-super-ligue\/"},"modified":"2021-04-22T15:14:25","modified_gmt":"2021-04-22T19:14:25","slug":"international-mahrez-et-ses-coequipiers-ne-voulaient-pas-de-la-super-ligue","status":"publish","type":"post","link":"https:\/\/linitiative.ca\/International\/international-mahrez-et-ses-coequipiers-ne-voulaient-pas-de-la-super-ligue\/","title":{"rendered":"International : Mahrez et ses co\u00e9quipiers ne voulaient pas de la Super Ligue"},"content":{"rendered":"<div readability=\"32\">\n<p>Auteur : <span class=\"time\">jeudi 22 avril 2021 13:43<\/span><\/p>\n<\/div>\n<div id=\"post_core\" readability=\"51\">\n<p>Au micro de Sky Sports, suite \u00e0 la victoire obtenue mercredi par Manchester City sur le terrain d\u2019Aston Villa (2-1, 32e journ\u00e9e de Premier League), le milieu de terrain br\u00e9silien Fernandinho a fustig\u00e9 le projet et salu\u00e9 le volte-face du club anglais :<\/p>\n<p>\u00ab\u00a0Cela a \u00e9t\u00e9 fou. Lundi, cette Super League est arriv\u00e9e, nous avons \u00e9t\u00e9 un peu surpris. Nous ne nous attendions pas \u00e0 cela, \u00e0 la fin, je pense que le bon sens \u00e9tait la bonne chose \u00e0 faire. Je pense que tous ceux qui aiment le football n\u2019ont pas soutenu cette Super League, y compris les joueurs de notre club. Nous sommes tellement heureux maintenant parce que tout a \u00e9t\u00e9 chang\u00e9 et que tous les gens qui aiment le football sont calmes. Bien s\u00fbr, nous sommes heureux parce qu\u2019\u00e0 la fin, le football gagne.\u00a0\u00bb Des propos relay\u00e9s par Topmercato.<\/p>\n<p><strong>Publi\u00e9 dans :<\/strong> <span>Manchester City<\/span><\/p>\n<\/div>\n<p>Auteur:<br \/>\n<a href=\"http:\/\/www.lebuteur.com\/article\/detail?titre=mahrez-et-ses-coequipiers-ne-voulaient-pas-de-la-super-ligue&#038;id=99802&#038;utm_source=feedburner&#038;utm_medium=feed&#038;utm_campaign=Feed%3A+GalerieFArtciles+%28Les+derniers+articles++-+lebuteur.com%29\">Cliquez ici pour lire l&rsquo;article depuis sa source.<\/a><\/p>\n","protected":false},"excerpt":{"rendered":"<p>Auteur : jeudi 22 avril 2021 13:43 Au micro de Sky Sports, suite \u00e0 la victoire obtenue mercredi par Manchester City sur le terrain d\u2019Aston Villa (2-1, 32e journ\u00e9e de Premier League), le milieu de terrain br\u00e9silien Fernandinho a fustig\u00e9 le projet et salu\u00e9 le volte-face du club anglais : \u00ab\u00a0Cela a \u00e9t\u00e9 fou. Lundi, [&hellip;]<\/p>\n","protected":false},"author":1738,"featured_media":0,"comment_status":"closed","ping_status":"closed","sticky":false,"template":"","format":"standard","meta":{"fifu_image_url":"\/\/cdn.lebuteur.com\/data\/images\/article\/thumbs\/large-mahrez-et-ses-coequipiers-ne-voulait-pas-de-la-super-ligue-d119a.jpg","fifu_image_alt":"International : Mahrez et ses co\u00e9quipiers ne voulaient pas de la Super Ligue","footnotes":""},"categories":[53,75],"tags":[],"class_list":["post-115402","post","type-post","status-publish","format-standard","hentry","category-algerie","category-sport"],"_links":{"self":[{"href":"https:\/\/linitiative.ca\/International\/wp-json\/wp\/v2\/posts\/115402","targetHints":{"allow":["GET"]}}],"collection":[{"href":"https:\/\/linitiative.ca\/International\/wp-json\/wp\/v2\/posts"}],"about":[{"href":"https:\/\/linitiative.ca\/International\/wp-json\/wp\/v2\/types\/post"}],"author":[{"embeddable":true,"href":"https:\/\/linitiative.ca\/International\/wp-json\/wp\/v2\/users\/1738"}],"replies":[{"embeddable":true,"href":"https:\/\/linitiative.ca\/International\/wp-json\/wp\/v2\/comments?post=115402"}],"version-history":[{"count":0,"href":"https:\/\/linitiative.ca\/International\/wp-json\/wp\/v2\/posts\/115402\/revisions"}],"wp:attachment":[{"href":"https:\/\/linitiative.ca\/International\/wp-json\/wp\/v2\/media?parent=115402"}],"wp:term":[{"taxonomy":"category","embeddable":true,"href":"https:\/\/linitiative.ca\/International\/wp-json\/wp\/v2\/categories?post=115402"},{"taxonomy":"post_tag","embeddable":true,"href":"https:\/\/linitiative.ca\/International\/wp-json\/wp\/v2\/tags?post=115402"}],"curies":[{"name":"wp","href":"https:\/\/api.w.org\/{rel}","templated":true}]}}