{"id":115403,"date":"2021-04-22T06:37:20","date_gmt":"2021-04-22T10:37:20","guid":{"rendered":"https:\/\/linitiative.ca\/International\/la-moudjahida-annie-steiner-sera-inhume-aujourdhui-a-el-alia\/"},"modified":"2021-04-22T06:37:20","modified_gmt":"2021-04-22T10:37:20","slug":"la-moudjahida-annie-steiner-sera-inhume-aujourdhui-a-el-alia","status":"publish","type":"post","link":"https:\/\/linitiative.ca\/International\/la-moudjahida-annie-steiner-sera-inhume-aujourdhui-a-el-alia\/","title":{"rendered":"La Moudjahida Annie Steiner sera inhum\u00e9 aujourd\u2019hui \u00e0 El Alia"},"content":{"rendered":"<h4 class=\"title-14\"\/>\n<div class=\"featured_image\"><img loading=\"lazy\" decoding=\"async\" width=\"619\" height=\"364\" src=\"https:\/\/www.elwatan.com\/wp-content\/uploads\/2021\/04\/images-7-e1619097869861.jpeg\" class=\"attachment-post-thumbnail size-post-thumbnail wp-post-image\" alt=\"\" srcset=\"https:\/\/www.elwatan.com\/wp-content\/uploads\/2021\/04\/images-7-e1619097869861.jpeg 619w, https:\/\/www.elwatan.com\/wp-content\/uploads\/2021\/04\/images-7-e1619097869861-300x176.jpeg 300w\" sizes=\"auto, (max-width: 619px) 100vw, 619px\"\/><\/div>\n<p><strong><em>La Moudjahida Annie Steiner, militante de la cause alg\u00e9rienne durant la guerre de lib\u00e9ration nationale, est d\u00e9c\u00e9d\u00e9e dans la soir\u00e9e du mercredi 21 avril \u00e0 Alger \u00e0 l\u2019\u00e2ge de 93 ans.<\/em><\/strong><\/p>\n<p>Elle sera inhum\u00e9e aujourd\u2019hui, jeudi 22 avril, en d\u00e9but d\u2019apr\u00e8s-midi au cimeti\u00e8re d\u2019El Alia \u00e0 Alger.<\/p>\n<p>N\u00e9e en 1928 \u00e0 Hadjout (ex-Marengo), Annie Steiner s`est engag\u00e9e en faveur de la cause nationale au lendemain du d\u00e9clenchement de la R\u00e9volution du 1er Novembre 1954. Elle \u00e9tait agent de liaison.<\/p>\n<p>En 1957, elle avait \u00e9t\u00e9 condamn\u00e9e \u00e0 cinq ans de prison \u00e0 la prison de Serkadji \u00e0 Alger, avant d\u2019\u00eatre lib\u00e9r\u00e9e en 1961.<\/p>\n<p><span class=\"post-views-label\">Post Views:<\/span> <span class=\"post-views-count\">1\u00a0203<\/span><\/p>\n<p><br class=\"c3\"\/><\/p>\n<div class=\"ichhar-moneytagnative c5\" id=\"ichhar-10838587\">\n<p>Advertisements<\/p>\n<\/div>\n<p><br class=\"c3\"\/><br \/>\n<br class=\"c6\"\/><\/p>\n<p>Auteur: Mohand Yahiaoui<br \/>\n<a href=\"https:\/\/www.elwatan.com\/edition\/actualite\/la-moudjahida-annie-steiner-sera-inhume-aujourdhui-a-el-alia-22-04-2021\">Cliquez ici pour lire l&rsquo;article depuis sa source.<\/a><\/p>\n","protected":false},"excerpt":{"rendered":"<p>La Moudjahida Annie Steiner, militante de la cause alg\u00e9rienne durant la guerre de lib\u00e9ration nationale, est d\u00e9c\u00e9d\u00e9e dans la soir\u00e9e du mercredi 21 avril \u00e0 Alger \u00e0 l\u2019\u00e2ge de 93 ans. Elle sera inhum\u00e9e aujourd\u2019hui, jeudi 22 avril, en d\u00e9but d\u2019apr\u00e8s-midi au cimeti\u00e8re d\u2019El Alia \u00e0 Alger. N\u00e9e en 1928 \u00e0 Hadjout (ex-Marengo), Annie Steiner [&hellip;]<\/p>\n","protected":false},"author":1743,"featured_media":0,"comment_status":"closed","ping_status":"closed","sticky":false,"template":"","format":"standard","meta":{"fifu_image_url":"https:\/\/www.elwatan.com\/wp-content\/uploads\/2021\/04\/images-7-e1619097869861.jpeg","fifu_image_alt":"La Moudjahida Annie Steiner sera inhum\u00e9 aujourd\u2019hui \u00e0 El Alia","footnotes":""},"categories":[73,53],"tags":[],"class_list":["post-115403","post","type-post","status-publish","format-standard","hentry","category-actualite","category-algerie"],"_links":{"self":[{"href":"https:\/\/linitiative.ca\/International\/wp-json\/wp\/v2\/posts\/115403","targetHints":{"allow":["GET"]}}],"collection":[{"href":"https:\/\/linitiative.ca\/International\/wp-json\/wp\/v2\/posts"}],"about":[{"href":"https:\/\/linitiative.ca\/International\/wp-json\/wp\/v2\/types\/post"}],"author":[{"embeddable":true,"href":"https:\/\/linitiative.ca\/International\/wp-json\/wp\/v2\/users\/1743"}],"replies":[{"embeddable":true,"href":"https:\/\/linitiative.ca\/International\/wp-json\/wp\/v2\/comments?post=115403"}],"version-history":[{"count":0,"href":"https:\/\/linitiative.ca\/International\/wp-json\/wp\/v2\/posts\/115403\/revisions"}],"wp:attachment":[{"href":"https:\/\/linitiative.ca\/International\/wp-json\/wp\/v2\/media?parent=115403"}],"wp:term":[{"taxonomy":"category","embeddable":true,"href":"https:\/\/linitiative.ca\/International\/wp-json\/wp\/v2\/categories?post=115403"},{"taxonomy":"post_tag","embeddable":true,"href":"https:\/\/linitiative.ca\/International\/wp-json\/wp\/v2\/tags?post=115403"}],"curies":[{"name":"wp","href":"https:\/\/api.w.org\/{rel}","templated":true}]}}