{"id":115405,"date":"2021-04-22T07:30:53","date_gmt":"2021-04-22T11:30:53","guid":{"rendered":"https:\/\/linitiative.ca\/International\/mc-alger-neghiz-est-de-retour\/"},"modified":"2021-04-22T07:30:53","modified_gmt":"2021-04-22T11:30:53","slug":"mc-alger-neghiz-est-de-retour","status":"publish","type":"post","link":"https:\/\/linitiative.ca\/International\/mc-alger-neghiz-est-de-retour\/","title":{"rendered":"MC Alger : Neghiz est de retour"},"content":{"rendered":"<h4 class=\"title-14\"\/>\n<div class=\"featured_image\"><img loading=\"lazy\" decoding=\"async\" width=\"600\" height=\"330\" src=\"https:\/\/www.elwatan.com\/wp-content\/uploads\/2021\/04\/images-8.jpeg\" class=\"attachment-post-thumbnail size-post-thumbnail wp-post-image\" alt=\"\" srcset=\"https:\/\/www.elwatan.com\/wp-content\/uploads\/2021\/04\/images-8.jpeg 600w, https:\/\/www.elwatan.com\/wp-content\/uploads\/2021\/04\/images-8-300x165.jpeg 300w\" sizes=\"auto, (max-width: 600px) 100vw, 600px\"\/><\/div>\n<p><strong><em>Quelques semaines apr\u00e8s sa d\u00e9mission \u00e0 l\u2019amiable, l\u2019entraineur Nabil Neghiz est de retour \u00e0 la barre technique du MC Alger.<\/em><\/strong><\/p>\n<p>Cela fait suite \u00e0 l\u2019\u00e9change qu\u2019il a eu dans la soir\u00e9e d\u2019hier, mercredi 21 avril, avec le nouveau pr\u00e9sident de la SSPA MC Alger, Amar Brahmia.<\/p>\n<p>Dans la foul\u00e9e, l\u2019on apprend que le probl\u00e8me du retard dans le paiement des primes et salaires des joueurs mouloudeens sera r\u00e9gl\u00e9 ces jours-ci, soit avant le d\u00e9placement de l\u2019\u00e9quipe \u00e0 Bordj Bou Arreridj pour affronter dimanche prochain 25 avril le CABBA dans le cadre de la mise \u00e0 jour du calendrier du championnat.<\/p>\n<p><span class=\"post-views-label\">Post Views:<\/span> <span class=\"post-views-count\">810<\/span><\/p>\n<p><br class=\"c3\"\/><\/p>\n<div class=\"ichhar-moneytagnative c5\" id=\"ichhar-915545528\">\n<p>Advertisements<\/p>\n<\/div>\n<p><br class=\"c3\"\/><br \/>\n<br class=\"c6\"\/><\/p>\n<p>Auteur: Mohand Yahiaoui<br \/>\n<a href=\"https:\/\/www.elwatan.com\/edition\/sports\/mc-alger-neghiz-est-de-retour-22-04-2021\">Cliquez ici pour lire l&rsquo;article depuis sa source.<\/a><\/p>\n","protected":false},"excerpt":{"rendered":"<p>Quelques semaines apr\u00e8s sa d\u00e9mission \u00e0 l\u2019amiable, l\u2019entraineur Nabil Neghiz est de retour \u00e0 la barre technique du MC Alger. Cela fait suite \u00e0 l\u2019\u00e9change qu\u2019il a eu dans la soir\u00e9e d\u2019hier, mercredi 21 avril, avec le nouveau pr\u00e9sident de la SSPA MC Alger, Amar Brahmia. Dans la foul\u00e9e, l\u2019on apprend que le probl\u00e8me du [&hellip;]<\/p>\n","protected":false},"author":1743,"featured_media":0,"comment_status":"closed","ping_status":"closed","sticky":false,"template":"","format":"standard","meta":{"fifu_image_url":"https:\/\/www.elwatan.com\/wp-content\/uploads\/2021\/04\/images-8.jpeg","fifu_image_alt":"MC Alger : Neghiz est de retour","footnotes":""},"categories":[73,53],"tags":[],"class_list":["post-115405","post","type-post","status-publish","format-standard","hentry","category-actualite","category-algerie"],"_links":{"self":[{"href":"https:\/\/linitiative.ca\/International\/wp-json\/wp\/v2\/posts\/115405","targetHints":{"allow":["GET"]}}],"collection":[{"href":"https:\/\/linitiative.ca\/International\/wp-json\/wp\/v2\/posts"}],"about":[{"href":"https:\/\/linitiative.ca\/International\/wp-json\/wp\/v2\/types\/post"}],"author":[{"embeddable":true,"href":"https:\/\/linitiative.ca\/International\/wp-json\/wp\/v2\/users\/1743"}],"replies":[{"embeddable":true,"href":"https:\/\/linitiative.ca\/International\/wp-json\/wp\/v2\/comments?post=115405"}],"version-history":[{"count":0,"href":"https:\/\/linitiative.ca\/International\/wp-json\/wp\/v2\/posts\/115405\/revisions"}],"wp:attachment":[{"href":"https:\/\/linitiative.ca\/International\/wp-json\/wp\/v2\/media?parent=115405"}],"wp:term":[{"taxonomy":"category","embeddable":true,"href":"https:\/\/linitiative.ca\/International\/wp-json\/wp\/v2\/categories?post=115405"},{"taxonomy":"post_tag","embeddable":true,"href":"https:\/\/linitiative.ca\/International\/wp-json\/wp\/v2\/tags?post=115405"}],"curies":[{"name":"wp","href":"https:\/\/api.w.org\/{rel}","templated":true}]}}