{"id":115406,"date":"2021-04-22T11:58:54","date_gmt":"2021-04-22T15:58:54","guid":{"rendered":"https:\/\/linitiative.ca\/International\/legislatives-du-12-juin-les-delais-pour-le-depot-des-dossiers-de-candidatures-proroges\/"},"modified":"2021-04-22T11:58:54","modified_gmt":"2021-04-22T15:58:54","slug":"legislatives-du-12-juin-les-delais-pour-le-depot-des-dossiers-de-candidatures-proroges","status":"publish","type":"post","link":"https:\/\/linitiative.ca\/International\/legislatives-du-12-juin-les-delais-pour-le-depot-des-dossiers-de-candidatures-proroges\/","title":{"rendered":"L\u00e9gislatives du 12 juin : Les d\u00e9lais pour le d\u00e9p\u00f4t des dossiers de candidatures prorog\u00e9s\u00a0"},"content":{"rendered":"<h4 class=\"title-14\"\/>\n<p><strong><em>Le pr\u00e9sident de la R\u00e9publique, M. Abdelmadjid Tebboune a sign\u00e9 une ordonnance modifiant et compl\u00e9tant la loi organique relative au r\u00e9gime \u00e9lectoral, portant prorogation de 5 jours des d\u00e9lais de d\u00e9p\u00f4t des dossiers de candidature aux \u00e9lections l\u00e9gislatives du 12 juin prochain, indique jeudi 22 avril un communiqu\u00e9 de la Pr\u00e9sidence de la R\u00e9publique.<\/em><\/strong><\/p>\n<p>Ceci a \u00e9t\u00e9 fait \u00ab\u00a0\u00e0 la demande de l\u2019Autorit\u00e9 nationale ind\u00e9pendante des \u00e9lections (ANIE), apr\u00e8s consultation du Conseil d\u2019Etat, du Conseil constitutionnel et avis du Conseil des ministres\u00a0\u00bb.<\/p>\n<p>\u00ab\u00a0Ainsi, le dernier d\u00e9lai pour le d\u00e9p\u00f4t des dossiers de candidature est fix\u00e9 au 27 avril 2021 au lieu du 22 avril 2021\u00a0\u00bb, a conclu la m\u00eame source.<\/p>\n<p><span class=\"post-views-label\">Post Views:<\/span> <span class=\"post-views-count\">85<\/span><\/p>\n<p><br class=\"c3\"\/><\/p>\n<div class=\"ichhar-moneytagnative c5\" id=\"ichhar-1883556452\">\n<p>Advertisements<\/p>\n<\/div>\n<p><br class=\"c3\"\/><br \/>\n<br class=\"c6\"\/><\/p>\n<p>Auteur: Mohand Yahiaoui<br \/>\n<a href=\"https:\/\/www.elwatan.com\/edition\/actualite\/legislatives-du-12-juin-les-delais-pour-le-depot-des-dossiers-de-candidatures-proroges-22-04-2021\">Cliquez ici pour lire l&rsquo;article depuis sa source.<\/a><\/p>\n","protected":false},"excerpt":{"rendered":"<p>Le pr\u00e9sident de la R\u00e9publique, M. Abdelmadjid Tebboune a sign\u00e9 une ordonnance modifiant et compl\u00e9tant la loi organique relative au r\u00e9gime \u00e9lectoral, portant prorogation de 5 jours des d\u00e9lais de d\u00e9p\u00f4t des dossiers de candidature aux \u00e9lections l\u00e9gislatives du 12 juin prochain, indique jeudi 22 avril un communiqu\u00e9 de la Pr\u00e9sidence de la R\u00e9publique. Ceci [&hellip;]<\/p>\n","protected":false},"author":1743,"featured_media":0,"comment_status":"closed","ping_status":"closed","sticky":false,"template":"","format":"standard","meta":{"fifu_image_url":"","fifu_image_alt":"","footnotes":""},"categories":[73,53],"tags":[],"class_list":["post-115406","post","type-post","status-publish","format-standard","hentry","category-actualite","category-algerie"],"_links":{"self":[{"href":"https:\/\/linitiative.ca\/International\/wp-json\/wp\/v2\/posts\/115406","targetHints":{"allow":["GET"]}}],"collection":[{"href":"https:\/\/linitiative.ca\/International\/wp-json\/wp\/v2\/posts"}],"about":[{"href":"https:\/\/linitiative.ca\/International\/wp-json\/wp\/v2\/types\/post"}],"author":[{"embeddable":true,"href":"https:\/\/linitiative.ca\/International\/wp-json\/wp\/v2\/users\/1743"}],"replies":[{"embeddable":true,"href":"https:\/\/linitiative.ca\/International\/wp-json\/wp\/v2\/comments?post=115406"}],"version-history":[{"count":0,"href":"https:\/\/linitiative.ca\/International\/wp-json\/wp\/v2\/posts\/115406\/revisions"}],"wp:attachment":[{"href":"https:\/\/linitiative.ca\/International\/wp-json\/wp\/v2\/media?parent=115406"}],"wp:term":[{"taxonomy":"category","embeddable":true,"href":"https:\/\/linitiative.ca\/International\/wp-json\/wp\/v2\/categories?post=115406"},{"taxonomy":"post_tag","embeddable":true,"href":"https:\/\/linitiative.ca\/International\/wp-json\/wp\/v2\/tags?post=115406"}],"curies":[{"name":"wp","href":"https:\/\/api.w.org\/{rel}","templated":true}]}}