{"id":115407,"date":"2021-04-22T13:13:18","date_gmt":"2021-04-22T17:13:18","guid":{"rendered":"https:\/\/linitiative.ca\/International\/covid-19-amenagement-de-lhoraire-de-confinement-partiel-a-domicile-dans-9-wilayas\/"},"modified":"2021-04-22T13:13:18","modified_gmt":"2021-04-22T17:13:18","slug":"covid-19-amenagement-de-lhoraire-de-confinement-partiel-a-domicile-dans-9-wilayas","status":"publish","type":"post","link":"https:\/\/linitiative.ca\/International\/covid-19-amenagement-de-lhoraire-de-confinement-partiel-a-domicile-dans-9-wilayas\/","title":{"rendered":"Covid-19 : am\u00e9nagement de l\u2019horaire de confinement partiel \u00e0 domicile dans 9 wilayas"},"content":{"rendered":"<h4 class=\"title-14\"\/>\n<p>L\u2019horaire de confinement partiel \u00e0 domicile applicable dans neuf wilayas, au titre du dispositif de gestion de la crise sanitaire li\u00e9e \u00e0 la pand\u00e9mie du Coronavirus (Covid-19), sera am\u00e9nag\u00e9 \u00e0 compter du vendredi 23 avril, indique un communiqu\u00e9 des Services du Premier ministre, pr\u00e9cisant que le nouvel horaire sera de minuit (00h) jusqu\u2019au lendemain \u00e0 quatre (04) heures du matin.<\/p>\n<p>Les neuf wilayas sont les suivantes : Batna, Biskra, Blida, Tebessa, Tizi-Ouzou, Alger, Jijel, Sidi Bel Abbes et Oran.<\/p>\n<p><span class=\"post-views-label\">Post Views:<\/span> <span class=\"post-views-count\">0<\/span><\/p>\n<p><br class=\"c3\"\/><\/p>\n<div class=\"ichhar-moneytagnative c5\" id=\"ichhar-1361705007\">\n<p>Advertisements<\/p>\n<\/div>\n<p><br class=\"c3\"\/><br \/>\n<br class=\"c6\"\/><\/p>\n<p>Auteur: Mohand Yahiaoui<br \/>\n<a href=\"https:\/\/www.elwatan.com\/edition\/actualite\/covid-19-amenagement-de-lhoraire-de-confinement-partiel-a-domicile-dans-9-wilayas-22-04-2021\">Cliquez ici pour lire l&rsquo;article depuis sa source.<\/a><\/p>\n","protected":false},"excerpt":{"rendered":"<p>L\u2019horaire de confinement partiel \u00e0 domicile applicable dans neuf wilayas, au titre du dispositif de gestion de la crise sanitaire li\u00e9e \u00e0 la pand\u00e9mie du Coronavirus (Covid-19), sera am\u00e9nag\u00e9 \u00e0 compter du vendredi 23 avril, indique un communiqu\u00e9 des Services du Premier ministre, pr\u00e9cisant que le nouvel horaire sera de minuit (00h) jusqu\u2019au lendemain \u00e0 [&hellip;]<\/p>\n","protected":false},"author":1743,"featured_media":0,"comment_status":"closed","ping_status":"closed","sticky":false,"template":"","format":"standard","meta":{"fifu_image_url":"","fifu_image_alt":"","footnotes":""},"categories":[73,53],"tags":[],"class_list":["post-115407","post","type-post","status-publish","format-standard","hentry","category-actualite","category-algerie"],"_links":{"self":[{"href":"https:\/\/linitiative.ca\/International\/wp-json\/wp\/v2\/posts\/115407","targetHints":{"allow":["GET"]}}],"collection":[{"href":"https:\/\/linitiative.ca\/International\/wp-json\/wp\/v2\/posts"}],"about":[{"href":"https:\/\/linitiative.ca\/International\/wp-json\/wp\/v2\/types\/post"}],"author":[{"embeddable":true,"href":"https:\/\/linitiative.ca\/International\/wp-json\/wp\/v2\/users\/1743"}],"replies":[{"embeddable":true,"href":"https:\/\/linitiative.ca\/International\/wp-json\/wp\/v2\/comments?post=115407"}],"version-history":[{"count":0,"href":"https:\/\/linitiative.ca\/International\/wp-json\/wp\/v2\/posts\/115407\/revisions"}],"wp:attachment":[{"href":"https:\/\/linitiative.ca\/International\/wp-json\/wp\/v2\/media?parent=115407"}],"wp:term":[{"taxonomy":"category","embeddable":true,"href":"https:\/\/linitiative.ca\/International\/wp-json\/wp\/v2\/categories?post=115407"},{"taxonomy":"post_tag","embeddable":true,"href":"https:\/\/linitiative.ca\/International\/wp-json\/wp\/v2\/tags?post=115407"}],"curies":[{"name":"wp","href":"https:\/\/api.w.org\/{rel}","templated":true}]}}