{"id":115408,"date":"2021-04-22T10:05:00","date_gmt":"2021-04-22T14:05:00","guid":{"rendered":"https:\/\/linitiative.ca\/International\/othman-kechrid-la-protection-civile-tunisienne-lui-doit-beaucoup-album-photos\/"},"modified":"2021-04-22T10:05:00","modified_gmt":"2021-04-22T14:05:00","slug":"othman-kechrid-la-protection-civile-tunisienne-lui-doit-beaucoup-album-photos","status":"publish","type":"post","link":"https:\/\/linitiative.ca\/International\/othman-kechrid-la-protection-civile-tunisienne-lui-doit-beaucoup-album-photos\/","title":{"rendered":"Othman Kechrid: La Protection civile tunisienne lui doit beaucoup (Album photos)"},"content":{"rendered":"<p><span class=\"c2\"><em><strong>Par Colonel(r) Sadok Znaidi &#8211;<\/strong><\/em><\/span> Les premiers souvenirs que je garde de feu Othman Kechrid, mon p\u00e8re spirituel, remontent plus particuli\u00e8rement aux ann\u00e9es 1973-1980. En qualit\u00e9 de secr\u00e9taire g\u00e9n\u00e9ral du minist\u00e8re de l\u2019Int\u00e9rieur (1973-1977), Si Othman Kechrid a dirig\u00e9 et initi\u00e9 plusieurs programmes d\u2019activit\u00e9s du d\u00e9partement dont la cr\u00e9ation et l\u2019organisation de la direction de la Protection civile.<\/p>\n<p class=\"c3\"><img loading=\"lazy\" decoding=\"async\" src=\"\/uploads\/FCK_files\/Othman-Kechrid-moy.jpg\" alt=\"\" width=\"700\" vspace=\"5\" hspace=\"5\" height=\"394\" align=\"middle\"\/><\/p>\n<p>La Protection civile tunisienne \u00e9tait devenue, en grande partie gr\u00e2ce \u00e0 lui, un mod\u00e8le \u00e0 suivre pour plusieurs pays et a permis \u00e0 la Tunisie de diriger l\u2019Organisation internationale de la protection civile (Oipc), bas\u00e9e \u00e0 Gen\u00e8ve, durant 16 ann\u00e9es, de 1986 \u00e0 2002.<\/p>\n<p>Que Dieu le Tout-Puissant lui accorde Son infinie mis\u00e9ricorde et l\u2019accueille dans Son \u00e9ternel Paradis.<\/p>\n<p class=\"c5\"><strong>Sadok Znaidi<\/strong><br \/><span class=\"c4\"><em>Secr\u00e9taire g\u00e9n\u00e9ral honoraire<br \/>de l\u2019Organisation internationale<br \/>de la protection civile<\/em><\/span><\/p>\n<p class=\"c6\"><strong>Lire aussi<\/strong><\/p>\n<p class=\"c6\"><a href=\"https:\/\/www.leaders.com.tn\/article\/31752-othman-kechrid-il-faisait-de-l-ombre-a-certains\" target=\"_blank\" rel=\"noopener\">Othman Kechrid: Il faisait de l\u2019ombre \u00e0 certains\u2026 (Album photos)<\/a><\/p>\n<p class=\"c6\"><a href=\"https:\/\/www.leaders.com.tn\/article\/31733-othman-kechrid-une-ecole\" target=\"_blank\" rel=\"noopener\">Othman Kechrid, une \u00e9cole (Album photos)<\/a><\/p>\n<p class=\"c6\"><a href=\"https:\/\/www.leaders.com.tn\/article\/31720-othman-kechrid-un-pionnier-du-commerce-exterieur\" target=\"_blank\" rel=\"noopener\">Othman Kechrid: Un pionnier du commerce ext\u00e9rieur (Album photos)<\/a><\/p>\n<p class=\"c6\"><a href=\"https:\/\/www.leaders.com.tn\/article\/31692-chekib-nouira-adieu-am-othman\" target=\"_blank\" rel=\"noopener\">Ch\u00e9kib Nouira: Adieu Am Othman (Album photos)<\/a><\/p>\n<p class=\"c6\"><a href=\"https:\/\/www.leaders.com.tn\/article\/31682-othman-kechrid-de-l-instituteur-au-ministre-de-l-interieur-une-belle-carriere-bien-meritee\" target=\"_blank\" rel=\"noopener\">Othman Kechrid: De l\u2019instituteur au ministre de l\u2019Int\u00e9rieur, une belle carri\u00e8re bien m\u00e9rit\u00e9e (Album photos)<\/a><\/p>\n<p><a href=\"https:\/\/www.leaders.com.tn\/article\/31484-l-ancien-ministre-othman-kechrid-est-decede\" target=\"_blank\" rel=\"noopener\">L\u2019ancien ministre Othman Kechrid est d\u00e9c\u00e9d\u00e9<\/a><\/p>\n<p><a href=\"https:\/\/www.leaders.com.tn\/article\/18925-othman-kechrid\" target=\"_blank\" rel=\"noopener\">Pourquoi Othman Kechrid, 95 ans, ancien ministre de l\u2019Int\u00e9rieur, a \u00e9t\u00e9 convoqu\u00e9 par la Garde nationale ?<\/a><\/p>\n<p><a href=\"https:\/\/www.leaders.com.tn\/article\/2504-othman-kechrid-merci-dr-zmerli-de-nous-avoir-si-bien-restitue-le-parcours-du-dr-el-okbi\" target=\"_blank\" rel=\"noopener\">Othman Kechrid: Merci, Dr Zmerli, de nous avoir si bien restitu\u00e9 le parcours du Dr El Okbi<\/a><\/p>\n<p class=\"c6\"><span class=\"c4\"><em><br \/><\/em><\/span><br \/>\u00a0<\/p>\n<p>Auteur:<br \/>\n<a href=\"https:\/\/www.leaders.com.tn\/article\/31765-othman-kechrid-la-protection-civile-tunisienne-lui-doit-beaucoup\">Cliquez ici pour lire l&rsquo;article depuis sa source.<\/a><\/p>\n","protected":false},"excerpt":{"rendered":"<p>Par Colonel(r) Sadok Znaidi &#8211; Les premiers souvenirs que je garde de feu Othman Kechrid, mon p\u00e8re spirituel, remontent plus particuli\u00e8rement aux ann\u00e9es 1973-1980. En qualit\u00e9 de secr\u00e9taire g\u00e9n\u00e9ral du minist\u00e8re de l\u2019Int\u00e9rieur (1973-1977), Si Othman Kechrid a dirig\u00e9 et initi\u00e9 plusieurs programmes d\u2019activit\u00e9s du d\u00e9partement dont la cr\u00e9ation et l\u2019organisation de la direction de [&hellip;]<\/p>\n","protected":false},"author":1772,"featured_media":0,"comment_status":"closed","ping_status":"closed","sticky":false,"template":"","format":"standard","meta":{"fifu_image_url":"\/uploads\/FCK_files\/Othman-Kechrid-moy.jpg","fifu_image_alt":"Othman Kechrid: La Protection civile tunisienne lui doit beaucoup (Album photos)","footnotes":""},"categories":[73,55],"tags":[],"class_list":["post-115408","post","type-post","status-publish","format-standard","hentry","category-actualite","category-tunisie"],"_links":{"self":[{"href":"https:\/\/linitiative.ca\/International\/wp-json\/wp\/v2\/posts\/115408","targetHints":{"allow":["GET"]}}],"collection":[{"href":"https:\/\/linitiative.ca\/International\/wp-json\/wp\/v2\/posts"}],"about":[{"href":"https:\/\/linitiative.ca\/International\/wp-json\/wp\/v2\/types\/post"}],"author":[{"embeddable":true,"href":"https:\/\/linitiative.ca\/International\/wp-json\/wp\/v2\/users\/1772"}],"replies":[{"embeddable":true,"href":"https:\/\/linitiative.ca\/International\/wp-json\/wp\/v2\/comments?post=115408"}],"version-history":[{"count":0,"href":"https:\/\/linitiative.ca\/International\/wp-json\/wp\/v2\/posts\/115408\/revisions"}],"wp:attachment":[{"href":"https:\/\/linitiative.ca\/International\/wp-json\/wp\/v2\/media?parent=115408"}],"wp:term":[{"taxonomy":"category","embeddable":true,"href":"https:\/\/linitiative.ca\/International\/wp-json\/wp\/v2\/categories?post=115408"},{"taxonomy":"post_tag","embeddable":true,"href":"https:\/\/linitiative.ca\/International\/wp-json\/wp\/v2\/tags?post=115408"}],"curies":[{"name":"wp","href":"https:\/\/api.w.org\/{rel}","templated":true}]}}