{"id":115409,"date":"2021-04-22T11:17:00","date_gmt":"2021-04-22T15:17:00","guid":{"rendered":"https:\/\/linitiative.ca\/International\/artisans-commercants-et-chefs-dentreprise-epuises-urgent-saied-ghannouchi-et-mechichi-a-apurer-leurs-contentieux\/"},"modified":"2021-04-22T11:17:00","modified_gmt":"2021-04-22T15:17:00","slug":"artisans-commercants-et-chefs-dentreprise-epuises-urgent-saied-ghannouchi-et-mechichi-a-apurer-leurs-contentieux","status":"publish","type":"post","link":"https:\/\/linitiative.ca\/International\/artisans-commercants-et-chefs-dentreprise-epuises-urgent-saied-ghannouchi-et-mechichi-a-apurer-leurs-contentieux\/","title":{"rendered":"Artisans, commer\u00e7ants et chefs d&rsquo;entreprise, \u00e9puis\u00e9s, urgent Sa\u00efed, Ghannouchi et Mechichi \u00e0 apurer leurs contentieux"},"content":{"rendered":"<p>Un communiqu\u00e9 de plus qui rique de passer inaper\u00e7u, ou une gronde qui monte ? Mettant en garde contre les lourdes cons\u00e9quences du climat tendu risquant de pousser la Tunisie vers l\u2019inconnu, l\u2019UTICA a urg\u00e9 les pr\u00e9sidents de la R\u00e9publique et de l\u2019ARP ainsi que le chef du gouvernement \u00e0 s\u2019asseoir ensemble autour d\u2019une m\u00eame table en vue d\u2019apurer leurs contentieux. Dans un communiqu\u00e9 sign\u00e9 par son pr\u00e9sident Samir Majoul, la centrale patronale a point\u00e9 du doigt \u00ab la guerre des conflits de comp\u00e9tences, et celle de l\u2019interpr\u00e9tation de la constitution, soulignant leurs cons\u00e9quences sur la crispation du climat dans le pays. \u00ab La persistance de ce climat d\u00e9l\u00e9t\u00e8re augure d\u2019un saut dans l\u2019inconnu et menace la stabilit\u00e9 du pays \u00bb, souligne l\u2019UTICA.<\/p>\n<p>Au nom de ses dizaines de milliers d\u2019artisans et de chefs d\u2019entreprise, Samir Majoul a invit\u00e9 les autorit\u00e9s ainsi que toutes les forces vives de la nation \u00e0 se concentrer sur les pr\u00e9occupations vitales et \u00e0 traiter les indicateurs \u00e9conomiques et sociaux profond\u00e9ment affect\u00e9s. Il a rappel\u00e9 \u00e0 ce sujet l\u2019urgence des r\u00e9formes structurelles \u00e0 amorcer.<br \/>A dix jours de la rencontre, le 3 mai prochain \u00e0 Washington DC entre une d\u00e9l\u00e9gation gouvernementale et le FMI, en pr\u00e9sence de Samir Majoul et Noureddine Taboubi, ce communiqu\u00e9 de la centrale patronale prend acte d\u2019une mise en garde solennelle adress\u00e9e aux gouvernants tunisien et aussi un signe de bonne volont\u00e9 quant aux n\u00e9cessaires r\u00e9formes exig\u00e9es.<br \/>\u00a0<\/p>\n<p>Auteur:<br \/>\n<a href=\"https:\/\/www.leaders.com.tn\/article\/31766-artisans-et-chefs-d-entreprise-epuises-urgent-saied-ghannouchi-et-mechichi-a-apurer-leurs-contentieux\">Cliquez ici pour lire l&rsquo;article depuis sa source.<\/a><\/p>\n","protected":false},"excerpt":{"rendered":"<p>Un communiqu\u00e9 de plus qui rique de passer inaper\u00e7u, ou une gronde qui monte ? Mettant en garde contre les lourdes cons\u00e9quences du climat tendu risquant de pousser la Tunisie vers l\u2019inconnu, l\u2019UTICA a urg\u00e9 les pr\u00e9sidents de la R\u00e9publique et de l\u2019ARP ainsi que le chef du gouvernement \u00e0 s\u2019asseoir ensemble autour d\u2019une m\u00eame [&hellip;]<\/p>\n","protected":false},"author":1772,"featured_media":0,"comment_status":"closed","ping_status":"closed","sticky":false,"template":"","format":"standard","meta":{"fifu_image_url":"","fifu_image_alt":"","footnotes":""},"categories":[73,55],"tags":[],"class_list":["post-115409","post","type-post","status-publish","format-standard","hentry","category-actualite","category-tunisie"],"_links":{"self":[{"href":"https:\/\/linitiative.ca\/International\/wp-json\/wp\/v2\/posts\/115409","targetHints":{"allow":["GET"]}}],"collection":[{"href":"https:\/\/linitiative.ca\/International\/wp-json\/wp\/v2\/posts"}],"about":[{"href":"https:\/\/linitiative.ca\/International\/wp-json\/wp\/v2\/types\/post"}],"author":[{"embeddable":true,"href":"https:\/\/linitiative.ca\/International\/wp-json\/wp\/v2\/users\/1772"}],"replies":[{"embeddable":true,"href":"https:\/\/linitiative.ca\/International\/wp-json\/wp\/v2\/comments?post=115409"}],"version-history":[{"count":0,"href":"https:\/\/linitiative.ca\/International\/wp-json\/wp\/v2\/posts\/115409\/revisions"}],"wp:attachment":[{"href":"https:\/\/linitiative.ca\/International\/wp-json\/wp\/v2\/media?parent=115409"}],"wp:term":[{"taxonomy":"category","embeddable":true,"href":"https:\/\/linitiative.ca\/International\/wp-json\/wp\/v2\/categories?post=115409"},{"taxonomy":"post_tag","embeddable":true,"href":"https:\/\/linitiative.ca\/International\/wp-json\/wp\/v2\/tags?post=115409"}],"curies":[{"name":"wp","href":"https:\/\/api.w.org\/{rel}","templated":true}]}}