{"id":115411,"date":"2021-04-22T10:39:36","date_gmt":"2021-04-22T14:39:36","guid":{"rendered":"https:\/\/linitiative.ca\/International\/simplification-administrative-le-ministere-de-linterieur-donne-le-meilleur-exemple-document\/"},"modified":"2021-04-22T10:39:36","modified_gmt":"2021-04-22T14:39:36","slug":"simplification-administrative-le-ministere-de-linterieur-donne-le-meilleur-exemple-document","status":"publish","type":"post","link":"https:\/\/linitiative.ca\/International\/simplification-administrative-le-ministere-de-linterieur-donne-le-meilleur-exemple-document\/","title":{"rendered":"Simplification administrative : le minist\u00e8re de l\u2019Int\u00e9rieur donne le meilleur exemple [Document]"},"content":{"rendered":"<p><strong>Cette fois-ci, c\u2019est s\u00e9rieux. Apr\u00e8s l\u2019adoption de la loi relative \u00e0 la simplification des proc\u00e9dures et des formalit\u00e9s administratives, le minist\u00e8re de l\u2019Int\u00e9rieur, \u00ab\u00a0locomotive de l\u2019\u00c9tat\u00a0\u00bb, vient d\u2019entamer la mise en \u0153uvre effective des dispositions l\u00e9gales et r\u00e9glementaires r\u00e9cemment adopt\u00e9es.<\/strong><\/p>\n<div class=\"c10\">\n<\/div>\n<p>C\u2019est un chantier qui a connu des d\u00e9buts difficiles au cours des vingt derni\u00e8res ann\u00e9es. Beaucoup de r\u00e9sistances, souvent de nature socio-culturelle, internes et externes \u00e0 l\u2019administration publique. Mais, de toute \u00e9vidence, il est apparu que le vrai changement commence \u00e0 ce niveau qui impacte la vie quotidiennes de tous les usagers, citoyens ou acteurs \u00e9conomiques.<\/p>\n<p>Le \u00ab\u00a0premier minist\u00e8re\u00a0\u00bb du Royaume, au sens g\u00e9ographique et technique, qu\u2019est le minist\u00e8re de l\u2019Int\u00e9rieur, a \u00e9t\u00e9 aussi le premier \u00e0 entamer la mise en \u0153uvre de ce chantier strat\u00e9gique qui touche tous les secteurs, voire tous les aspects de la vie publique. Ainsi, ce minist\u00e8re a diffus\u00e9 une note circulaire succincte, mais tr\u00e8s pertinente, dat\u00e9e du 21 avril 2021, articul\u00e9e en trois points. Le premier point rappelle le nouvel apport de la loi 55-19 en mettant en exergue certains principes fondamentaux\u00a0: il est d\u00e9sormais interdit d\u2019exiger des usagers plus d\u2019une copie de leur demande ou des pi\u00e8ces constitutives de leur dossier. De m\u00eame, plus de l\u00e9galisation de signature des m\u00eames pi\u00e8ces constitutives ou leur certification conforme. Des d\u00e9lais obligatoires de r\u00e9ponse sont pr\u00e9vus\u00a0: 30 jours dans le cas des demandes relatives \u00e0 des projets d\u2019investissement et 60 jours pour les autres actes administratifs. La prorogation de ces d\u00e9lais est possible une seule fois, lorsque le traitement de la demande n\u00e9cessite une expertise technique ou une enqu\u00eate publique, conform\u00e9ment \u00e0 des r\u00e8gles d\u00e9finies par la loi.<\/p>\n<p><strong>Lire aussi | <a href=\"https:\/\/www.challenge.ma\/lancement-du-portail-national-des-procedures-et-des-formalites-administratives-idarati-182265\/\" target=\"_blank\" rel=\"noreferrer noopener\">Lancement de idarati.ma, le portail National des Proc\u00e9dures et des Formalit\u00e9s Administratives<\/a><\/strong><\/p>\n<p>Au d\u00e9p\u00f4t de la demande, doit \u00eatre d\u00e9livr\u00e9 un r\u00e9c\u00e9piss\u00e9 accusant r\u00e9ception et indiquant la date. Cette tra\u00e7abilit\u00e9 permet de compter la dur\u00e9e, d\u2019assurer le suivi des demandes et donc de veiller au strict respect des r\u00e8gles \u00e9dict\u00e9es par la loi et la r\u00e9glementation en vigueur. La r\u00e8gle \u00ab\u00a0le silence de l\u2019administration vaut acceptation\u00a0\u00bb est consacr\u00e9e. Un texte r\u00e9glementaire sera adopt\u00e9 pour fixer les actes \u00e9ligibles \u00e0 cette r\u00e8gle. Des voies de recours ont aussi \u00e9t\u00e9 pr\u00e9vues dans la note circulaire. Elles ont un caract\u00e8re graduel et permettent aux responsables \u00e9lus et aux repr\u00e9sentants de l\u2019autorit\u00e9 publique d\u2019\u00eatre saisis \u00e0 tout moment et de r\u00e9pondre dans des d\u00e9lais pr\u00e9cis. Cet encadrement facilite le suivi et l\u2019autocontr\u00f4le.<\/p>\n<p>Au sein du minist\u00e8re de l\u2019Int\u00e9rieur, la Direction g\u00e9n\u00e9rale des collectivit\u00e9s territoriales est \u00e0 l\u2019avant-garde du processus de mise en \u0153uvre de la loi 55-19. Un inventaire de 146 actes administratifs a d\u00e9j\u00e0 \u00e9t\u00e9 r\u00e9alis\u00e9. Cet inventaire, disponible sur le site <a href=\"http:\/\/www.idarati.ma\">www.idarati.ma<\/a>, concerne tous les domaines d\u2019intervention des collectivit\u00e9s territoriales, de leurs regroupements et de leurs instances. Cette premi\u00e8re \u00e9tape du processus de simplification a permis de supprimer les actes administratifs sans soubassement juridique ou r\u00e9glementaire et \u00e9ventuellement de les remplacer par de simples d\u00e9clarations sur l\u2019honneur. L\u2019assainissement \u00a0des proc\u00e9dures administratives va pr\u00e9parer le terrain \u00e0 la digitalisation dans de meilleures conditions. En fait, celle-ci a d\u00e9j\u00e0 \u00e9t\u00e9 entam\u00e9e pour certains actes \u00e0 haute fr\u00e9quence. Elle devra s\u2019\u00e9tendre au cours des cinq prochaines ann\u00e9es \u00e0 tous les actes administratifs et permettre aux usagers d\u2019acc\u00e9der \u00e0 des services publics en ligne de qualit\u00e9 sans \u00eatre oblig\u00e9 de se d\u00e9placer physiquement.<\/p>\n<p><strong>Lire aussi | <a href=\"https:\/\/www.challenge.ma\/arys-holding-un-nouveau-groupe-de-sante-animale-181913\/\" target=\"_blank\" rel=\"noreferrer noopener\">Arys Holding : un nouveau groupe de sant\u00e9 animale<\/a><\/strong><\/p>\n<p>Dans l\u2019imm\u00e9diat, la note circulaire du minist\u00e8re de l\u2019Int\u00e9rieur a pour objectif de cr\u00e9er une dynamique \u00e0 travers l\u2019organisation de campagnes de vulgarisation et de sensibilisation, en interne et en externe, aux niveaux central et local. Responsables \u00e9lus et repr\u00e9sentants de l\u2019autorit\u00e9 publique sont appel\u00e9s \u00e0 collaborer \u00e9troitement pour la r\u00e9ussite de ce chantier prioritaire dont le succ\u00e8s doit contribuer \u00e0 l\u2019\u00e9mergence d\u2019un d\u2019environnement o\u00f9 r\u00e8gnent confiance et transparence.<\/p>\n<p>Auteur: Mohamed Amine<br \/>\n<a href=\"https:\/\/www.challenge.ma\/simplification-administrative-le-ministere-de-linterieur-donne-le-meilleur-exemple-document-182299\/\">Cliquez ici pour lire l&rsquo;article depuis sa source.<\/a><\/p>\n","protected":false},"excerpt":{"rendered":"<p>Cette fois-ci, c\u2019est s\u00e9rieux. Apr\u00e8s l\u2019adoption de la loi relative \u00e0 la simplification des proc\u00e9dures et des formalit\u00e9s administratives, le minist\u00e8re de l\u2019Int\u00e9rieur, \u00ab\u00a0locomotive de l\u2019\u00c9tat\u00a0\u00bb, vient d\u2019entamer la mise en \u0153uvre effective des dispositions l\u00e9gales et r\u00e9glementaires r\u00e9cemment adopt\u00e9es. C\u2019est un chantier qui a connu des d\u00e9buts difficiles au cours des vingt derni\u00e8res ann\u00e9es. [&hellip;]<\/p>\n","protected":false},"author":1787,"featured_media":0,"comment_status":"closed","ping_status":"closed","sticky":false,"template":"","format":"standard","meta":{"fifu_image_url":"","fifu_image_alt":"","footnotes":""},"categories":[78,54],"tags":[],"class_list":["post-115411","post","type-post","status-publish","format-standard","hentry","category-economie","category-maroc"],"_links":{"self":[{"href":"https:\/\/linitiative.ca\/International\/wp-json\/wp\/v2\/posts\/115411","targetHints":{"allow":["GET"]}}],"collection":[{"href":"https:\/\/linitiative.ca\/International\/wp-json\/wp\/v2\/posts"}],"about":[{"href":"https:\/\/linitiative.ca\/International\/wp-json\/wp\/v2\/types\/post"}],"author":[{"embeddable":true,"href":"https:\/\/linitiative.ca\/International\/wp-json\/wp\/v2\/users\/1787"}],"replies":[{"embeddable":true,"href":"https:\/\/linitiative.ca\/International\/wp-json\/wp\/v2\/comments?post=115411"}],"version-history":[{"count":0,"href":"https:\/\/linitiative.ca\/International\/wp-json\/wp\/v2\/posts\/115411\/revisions"}],"wp:attachment":[{"href":"https:\/\/linitiative.ca\/International\/wp-json\/wp\/v2\/media?parent=115411"}],"wp:term":[{"taxonomy":"category","embeddable":true,"href":"https:\/\/linitiative.ca\/International\/wp-json\/wp\/v2\/categories?post=115411"},{"taxonomy":"post_tag","embeddable":true,"href":"https:\/\/linitiative.ca\/International\/wp-json\/wp\/v2\/tags?post=115411"}],"curies":[{"name":"wp","href":"https:\/\/api.w.org\/{rel}","templated":true}]}}