{"id":115413,"date":"2021-04-22T11:39:59","date_gmt":"2021-04-22T15:39:59","guid":{"rendered":"https:\/\/linitiative.ca\/International\/le-champ-mine-du-sahel-par-jamal-berraoui\/"},"modified":"2021-04-22T11:39:59","modified_gmt":"2021-04-22T15:39:59","slug":"le-champ-mine-du-sahel-par-jamal-berraoui","status":"publish","type":"post","link":"https:\/\/linitiative.ca\/International\/le-champ-mine-du-sahel-par-jamal-berraoui\/","title":{"rendered":"Le champ min\u00e9 du Sahel [Par Jamal Berraoui]"},"content":{"rendered":"<p><strong>La mort d\u2019Idriss Deby, pr\u00e9sident du Tchad, met \u00e0 nouveau les projecteurs sur les pays du Sahel. Deby avait \u00e9t\u00e9 choisi par la France pour renverser Hiss\u00e8ne Habr\u00e9, il y a 31 ans. C\u2019\u00e9tait une dictature f\u00e9roce men\u00e9e par un homme que l\u2019\u00c9lys\u00e9e qualifie de \u00ab\u00a0grand soldat\u00a0\u00bb. Il est mort lors de combats contre\u00a0les insurg\u00e9s, s\u00fbrement pas plus d\u00e9mocrates que lui. Son fils lui succ\u00e8de par la volont\u00e9 des g\u00e9n\u00e9raux et non pas\u00a0des urnes. Et pourtant, Emmanuel Macron assistera aux fun\u00e9railles.<\/strong><\/p>\n<div class=\"c10\">\n<\/div>\n<p>Les droits de l\u2019homme, les valeurs dites universelles passent \u00e0 la trappe parce que la guerre contre le terrorisme fait rage et que le Tchad est le plus grand alli\u00e9 de la France et de son op\u00e9ration Barkhane, qui s\u2019enlise dangereusement. Des cinq pays du Sahel engag\u00e9s dans cette lutte, seule l\u2019arm\u00e9e tchadienne est au niveau. Elle est disciplin\u00e9e, d\u2019un niveau de formation correct et Idriss Deby la mettait \u00e0 la disposition\u00a0des strat\u00e8ges fran\u00e7ais. La d\u00e9mocratie peut donc attendre. Si la stabilit\u00e9 du Tchad chancelle, si les insurg\u00e9s investissent N\u2019Djamena, c\u2019en est fini du G5 du Sahel et l\u2019intervention fran\u00e7aise qui dure depuis 8 ans n\u2019aura pas servi \u00e0 grand-chose.<\/p>\n<p><strong>Lire aussi | <a href=\"https:\/\/www.challenge.ma\/arys-holding-un-nouveau-groupe-de-sante-animale-181913\/\" target=\"_blank\" rel=\"noreferrer noopener\">Arys Holding : un nouveau groupe de sant\u00e9 animale<\/a><\/strong><\/p>\n<p>Le territoire concern\u00e9 est tr\u00e8s vaste, les fronti\u00e8res ont de tous temps \u00e9t\u00e9 poreuses, mais le plus grave c\u2019est que les Djihadistes, suppl\u00e9ent l\u2019absence de l\u2019\u00c9tat et cr\u00e9ent un environnement favorable au sein des tribus. Les pays d\u2019Afrique du Nord, et donc le Maroc, sont tr\u00e8s concern\u00e9s par la fournaise du Sahel. Si ce verrou g\u00e9ographique saute, ils devront affronter l\u2019AQMI ou le Mujao. L\u2019Alg\u00e9rie torpille toutes les vell\u00e9it\u00e9s d\u2019entente s\u00e9curitaire. La Libye, frontali\u00e8re avec le Tchad, n\u2019a toujours pas r\u00e9ussi \u00e0 reconstruire un \u00c9tat, la Mauritanie n\u2019a pas une arm\u00e9e capable de s\u00e9curiser la r\u00e9gion.<\/p>\n<p>Auteur: challenge<br \/>\n<a href=\"https:\/\/www.challenge.ma\/le-champ-mine-du-sahel-182321\/\">Cliquez ici pour lire l&rsquo;article depuis sa source.<\/a><\/p>\n","protected":false},"excerpt":{"rendered":"<p>La mort d\u2019Idriss Deby, pr\u00e9sident du Tchad, met \u00e0 nouveau les projecteurs sur les pays du Sahel. Deby avait \u00e9t\u00e9 choisi par la France pour renverser Hiss\u00e8ne Habr\u00e9, il y a 31 ans. C\u2019\u00e9tait une dictature f\u00e9roce men\u00e9e par un homme que l\u2019\u00c9lys\u00e9e qualifie de \u00ab\u00a0grand soldat\u00a0\u00bb. Il est mort lors de combats contre\u00a0les insurg\u00e9s, [&hellip;]<\/p>\n","protected":false},"author":1787,"featured_media":0,"comment_status":"closed","ping_status":"closed","sticky":false,"template":"","format":"standard","meta":{"fifu_image_url":"","fifu_image_alt":"","footnotes":""},"categories":[78,54],"tags":[],"class_list":["post-115413","post","type-post","status-publish","format-standard","hentry","category-economie","category-maroc"],"_links":{"self":[{"href":"https:\/\/linitiative.ca\/International\/wp-json\/wp\/v2\/posts\/115413","targetHints":{"allow":["GET"]}}],"collection":[{"href":"https:\/\/linitiative.ca\/International\/wp-json\/wp\/v2\/posts"}],"about":[{"href":"https:\/\/linitiative.ca\/International\/wp-json\/wp\/v2\/types\/post"}],"author":[{"embeddable":true,"href":"https:\/\/linitiative.ca\/International\/wp-json\/wp\/v2\/users\/1787"}],"replies":[{"embeddable":true,"href":"https:\/\/linitiative.ca\/International\/wp-json\/wp\/v2\/comments?post=115413"}],"version-history":[{"count":0,"href":"https:\/\/linitiative.ca\/International\/wp-json\/wp\/v2\/posts\/115413\/revisions"}],"wp:attachment":[{"href":"https:\/\/linitiative.ca\/International\/wp-json\/wp\/v2\/media?parent=115413"}],"wp:term":[{"taxonomy":"category","embeddable":true,"href":"https:\/\/linitiative.ca\/International\/wp-json\/wp\/v2\/categories?post=115413"},{"taxonomy":"post_tag","embeddable":true,"href":"https:\/\/linitiative.ca\/International\/wp-json\/wp\/v2\/tags?post=115413"}],"curies":[{"name":"wp","href":"https:\/\/api.w.org\/{rel}","templated":true}]}}