{"id":115416,"date":"2021-04-22T16:18:10","date_gmt":"2021-04-22T20:18:10","guid":{"rendered":"https:\/\/linitiative.ca\/International\/tunisie-video-kais-saied-recoit-le-ministre-egyptien-des-affaires-etrangeres\/"},"modified":"2021-04-22T16:18:10","modified_gmt":"2021-04-22T20:18:10","slug":"tunisie-video-kais-saied-recoit-le-ministre-egyptien-des-affaires-etrangeres","status":"publish","type":"post","link":"https:\/\/linitiative.ca\/International\/tunisie-video-kais-saied-recoit-le-ministre-egyptien-des-affaires-etrangeres\/","title":{"rendered":"Tunisie [VIDEO] : Kais Saied re\u00e7oit le ministre \u00e9gyptien des Affaires Etrang\u00e8res"},"content":{"rendered":"<div class=\"post-cont-in left relative\">\n<div id=\"post-info-wrap\" class=\"left relative post-info-out\">\n<div class=\"post-info-img left relative\"><img decoding=\"async\" alt=\"\" src=\"https:\/\/secure.gravatar.com\/avatar\/ea481d7287ad38ca1787f44b5bb1b70e?s=50&amp;d=mm&amp;r=g\" srcset=\"https:\/\/secure.gravatar.com\/avatar\/ea481d7287ad38ca1787f44b5bb1b70e?s=100&amp;d=mm&amp;r=g 2x\" class=\"avatar avatar-50 photo\" height=\"50\" width=\"50\" loading=\"lazy\"\/><\/div>\n<div class=\"post-info-in\">\n<div class=\"post-info-right left relative post-info-name left relative\"><span><span class=\"post-info-text\">Par<\/span> <span class=\"author-name vcard fn author\"><a href=\"https:\/\/www.tunisienumerique.com\/author\/rania-ben-slimane\/\" title=\"Articles par rania ben slimane\" rel=\"author\">rania ben slimane<\/a><\/span><\/span> <span class=\"post-date updated\"><time class=\"post-date updated\" datetime=\"2021-04-22\">\u00a0| Il y a 1 heure<\/time><\/span><br \/>\n<meta itemprop=\"dateModified\" content=\"2021-04-22\"\/><\/div>\n<div class=\"left relative\"><button id=\"listenButton1\" class=\"responsivevoice-button\" type=\"button\" value=\"Play\" title=\"\u00c9coutez l'article\"><span>\ud83d\udd0a \u00c9coutez l&rsquo;article<\/span><\/button>\n<\/div>\n<\/div>\n<\/div>\n<p>Le pr\u00e9sident de la R\u00e9publique, Kais Saied, a re\u00e7u ce soir, jeudi 22 avril 2021, au palais de Carthage, le ministre des Affaires Etrang\u00e8res \u00e9gyptien, Sameh Choukri.<\/p>\n<div class=\"code-block code-block-1 c5\">\n <ins class=\"adsbygoogle c4\" data-ad-layout=\"in-article\" data-ad-format=\"fluid\" data-ad-client=\"ca-pub-2102118777505746\" data-ad-slot=\"7301775417\"\/>\n<\/div>\n<p>Choukri a d\u00e9livr\u00e9 au pr\u00e9sident Kais Saied, une lettre de la part du pr\u00e9sident \u00e9gyptien, Abdelfattah Al-Sissi au sujet du dossier du barrage de la Renaissance.<\/p>\n<p>Au cours de la rencontre, le Pr\u00e9sident de la R\u00e9publique a exprim\u00e9 le vif d\u00e9sir de la Tunisie de d\u00e9velopper davantage les liens de fraternit\u00e9 avec l\u2019\u00c9gypte et de promouvoir une coop\u00e9ration solide et des relations de partenariat au plus haut niveau pour plus de stabilit\u00e9 et de d\u00e9veloppement dans les deux pays.<\/p>\n<p>Le chef de l\u2019\u00c9tat a \u00e9galement affirm\u00e9 que la Tunisie se tient fermement aux c\u00f4t\u00e9s de l\u2019\u00c9gypte dans divers forums r\u00e9gionaux et internationaux afin de parvenir \u00e0 une solution n\u00e9goci\u00e9e et juste concernant le dossier du barrage de la Renaissance, d\u2019une mani\u00e8re qui pr\u00e9serve les droits historiques du peuple \u00e9gyptien aux eaux du Nil.<\/p>\n<p>Rappelant, dans le m\u00eame contexte, que la s\u00e9curit\u00e9 nationale \u00e9gyptienne est un pilier fondamental de la s\u00e9curit\u00e9 nationale arabe et, poursuivant qu\u2019il faut mettre fins aux conflits internes en Tunisie et rompre avec la mentalit\u00e9 d\u00e9faitiste.<\/p>\n<p>De son c\u00f4t\u00e9, Sameh Choukri a exprim\u00e9 son honneur de rencontrer le Pr\u00e9sident de la R\u00e9publique et de lui transmettre les salutations du Pr\u00e9sident Abdel Fattah El-Sissi et sa fiert\u00e9 des r\u00e9sultats de sa r\u00e9cente visite en \u00c9gypte, ainsi que du partenariat entre les deux pays voisins.<\/p>\n<p>Le ministre \u00e9gyptien des Affaires \u00e9trang\u00e8res a \u00e9galement d\u00e9clar\u00e9 que sa visite en Tunisie s\u2019inscrit dans le cadre d\u2019une tourn\u00e9e africaine, ajoutant qu\u2019il a inform\u00e9 le chef d\u2019Etat de l\u2019avancement du dossier du barrage d\u2019Ennahdha et des efforts d\u00e9ploy\u00e9s par son pays pour parvenir \u00e0 un accord juridique.<\/p>\n<div class=\"swp_social_panel swp_horizontal_panel swp_flat_fresh swp_default_full_color swp_individual_full_color swp_other_full_color scale-100 scale-\" data-min-width=\"1100\" data-float-color=\"#ffffff\" data-float=\"bottom\" data-float-mobile=\"bottom\" data-transition=\"slide\">\n<div class=\"nc_tweetContainer swp_share_button total_shares total_sharesalt\"><span class=\"swp_count\">4 <span class=\"swp_label\">Partages<\/span><\/span><\/div>\n<\/div>\n<p><strong>Que se passe-t-il en Tunisie?<\/strong><br \/>Nous expliquons sur notre <a href=\"https:\/\/www.youtube.com\/channel\/UCRzypVq0B_yBad5eGrwBx0Q?sub_confirmation=1\" target=\"_blank\" rel=\"noopener\">cha\u00eene YouTube<\/a> . <a href=\"https:\/\/www.youtube.com\/channel\/UCRzypVq0B_yBad5eGrwBx0Q?sub_confirmation=1\" target=\"_blank\" rel=\"noopener\">Abonnez-vous!<\/a><\/p>\n<div class=\"mvp-org-wrap\" itemprop=\"publisher\">\n<div class=\"mvp-org-logo\" itemprop=\"logo\"><img decoding=\"async\" src=\"https:\/\/www.tunisienumerique.com\/wp-content\/uploads\/2017\/02\/logo_tunisie_numerique.png\"\/><br \/>\n<meta itemprop=\"url\" content=\"https:\/\/www.tunisienumerique.com\/wp-content\/uploads\/2017\/02\/logo_tunisie_numerique.png\"\/><\/div>\n<p><meta content=\"Tunisie\"\/><\/div>\n<div class=\"mvp-related-posts left relative\">\n<h4 class=\"post-header\"><span class=\"post-header\">Lire aussi<\/span><\/h4>\n<\/div>\n<div id=\"article-ad\">\n <ins class=\"adsbygoogle c6\" data-ad-client=\"ca-pub-2102118777505746\" data-ad-slot=\"6513972734\" data-ad-format=\"auto\" data-full-width-responsive=\"true\"\/>\n<\/div>\n<\/div>\n<div id=\"post-sidebar-wrap\">\n <ins class=\"adsbygoogle c6\" data-ad-client=\"ca-pub-2102118777505746\" data-ad-slot=\"6168283410\" data-ad-format=\"auto\" data-full-width-responsive=\"true\"\/>\n<\/div>\n<p>Auteur: rania ben slimane<br \/>\n<a href=\"https:\/\/www.tunisienumerique.com\/tunisie-video-kais-saied-recoit-le-ministre-egyptien-des-affaires-etrangeres\/\">Cliquez ici pour lire l&rsquo;article depuis sa source.<\/a><\/p>\n","protected":false},"excerpt":{"rendered":"<p>Par rania ben slimane \u00a0| Il y a 1 heure \ud83d\udd0a \u00c9coutez l&rsquo;article Le pr\u00e9sident de la R\u00e9publique, Kais Saied, a re\u00e7u ce soir, jeudi 22 avril 2021, au palais de Carthage, le ministre des Affaires Etrang\u00e8res \u00e9gyptien, Sameh Choukri. Choukri a d\u00e9livr\u00e9 au pr\u00e9sident Kais Saied, une lettre de la part du pr\u00e9sident \u00e9gyptien, [&hellip;]<\/p>\n","protected":false},"author":1789,"featured_media":0,"comment_status":"closed","ping_status":"closed","sticky":false,"template":"","format":"standard","meta":{"fifu_image_url":"https:\/\/secure.gravatar.com\/avatar\/ea481d7287ad38ca1787f44b5bb1b70e?s=50&d=mm&r=g","fifu_image_alt":"Tunisie [VIDEO] : Kais Saied re\u00e7oit le ministre \u00e9gyptien des Affaires Etrang\u00e8res","footnotes":""},"categories":[73,55],"tags":[],"class_list":["post-115416","post","type-post","status-publish","format-standard","hentry","category-actualite","category-tunisie"],"_links":{"self":[{"href":"https:\/\/linitiative.ca\/International\/wp-json\/wp\/v2\/posts\/115416","targetHints":{"allow":["GET"]}}],"collection":[{"href":"https:\/\/linitiative.ca\/International\/wp-json\/wp\/v2\/posts"}],"about":[{"href":"https:\/\/linitiative.ca\/International\/wp-json\/wp\/v2\/types\/post"}],"author":[{"embeddable":true,"href":"https:\/\/linitiative.ca\/International\/wp-json\/wp\/v2\/users\/1789"}],"replies":[{"embeddable":true,"href":"https:\/\/linitiative.ca\/International\/wp-json\/wp\/v2\/comments?post=115416"}],"version-history":[{"count":0,"href":"https:\/\/linitiative.ca\/International\/wp-json\/wp\/v2\/posts\/115416\/revisions"}],"wp:attachment":[{"href":"https:\/\/linitiative.ca\/International\/wp-json\/wp\/v2\/media?parent=115416"}],"wp:term":[{"taxonomy":"category","embeddable":true,"href":"https:\/\/linitiative.ca\/International\/wp-json\/wp\/v2\/categories?post=115416"},{"taxonomy":"post_tag","embeddable":true,"href":"https:\/\/linitiative.ca\/International\/wp-json\/wp\/v2\/tags?post=115416"}],"curies":[{"name":"wp","href":"https:\/\/api.w.org\/{rel}","templated":true}]}}