{"id":115421,"date":"2021-04-22T15:25:37","date_gmt":"2021-04-22T19:25:37","guid":{"rendered":"https:\/\/linitiative.ca\/International\/lutte-contre-les-installations-anarchiques-a-ouaga\/"},"modified":"2021-04-22T15:25:37","modified_gmt":"2021-04-22T19:25:37","slug":"lutte-contre-les-installations-anarchiques-a-ouaga","status":"publish","type":"post","link":"https:\/\/linitiative.ca\/International\/lutte-contre-les-installations-anarchiques-a-ouaga\/","title":{"rendered":"LUTTE CONTRE LES INSTALLATIONS ANARCHIQUES A OUAGA  \u00a0"},"content":{"rendered":"<p class=\"c4\"><em>Les autorit\u00e9s municipales ont d\u00e9clar\u00e9 la guerre aux installations anarchiques \u00e0 Ouagadougou. C\u2019est du moins le constat que l\u2019on fait depuis quelque temps. En effet, presque chaque jour, on voit la police municipale sillonner les boulevards et les \u00ab\u00a0six-m\u00e8tres\u00a0\u00bb, traquant sans piti\u00e9 les \u00e9talagistes et autres commer\u00e7ants anarchiquement install\u00e9s. Des kiosques et des boutiques ont m\u00eame \u00e9t\u00e9 d\u00e9molis. Mais avant de passer \u00e0 la vitesse sup\u00e9rieure, les autorit\u00e9s municipales, dit-on, ont toujours pris le soin de mettre en demeure les int\u00e9ress\u00e9s. En tout cas, j\u2019avoue que je soutiens personnellement cette op\u00e9ration de salubrit\u00e9 publique en cours. Je souhaite m\u00eame qu\u2019elle s\u2019inscrive dans la dur\u00e9e. Car, les Burkinab\u00e8, il faut le dire, sont si durs d\u2019oreille qu\u2019ils ne manqueront pas, \u00e0 la moindre occasion, de revenir \u00e0 la charge en r\u00e9installant anarchiquement leurs commerces. Il faut donc mettre fin au d\u00e9sordre qui caract\u00e9rise la ville de Ouagadougou. Je le dis parce qu\u2019il y a parfois des art\u00e8res de la ville qui sont impraticables du fait des installations anarchiques. Les exemples sont nombreux au point que je ne me donnerai pas la peine de vouloir les citer exhaustivement. Ce qui me fait parfois mal, c\u2019est que certains, et Dieu seul sait s\u2019ils sont nombreux, savent qu\u2019ils sont dans l\u2019ill\u00e9galit\u00e9 mais d\u00e9cident d\u2019en faire \u00e0 leur t\u00eate. Et quand on vient les d\u00e9guerpir, ils commencent \u00e0 ruer dans les brancards. Voyez-vous\u00a0? \u00c7a ne fait pas s\u00e9rieux. L\u2019incivisme dont font montre les Burkinab\u00e8, a d\u00e9bord\u00e9 les limites tant et si bien qu\u2019il faut une th\u00e9rapie de choc. C\u2019est pourquoi j\u2019encourage les autorit\u00e9s municipales \u00e0 poursuivre le combat. Il faut aller jusqu\u2019au bout.<\/em><\/p>\n<p class=\"c4\"><em>\u00a0<\/em><\/p>\n<p class=\"c4\"><em>\u00a0<\/em><\/p>\n<p class=\"c6\"><strong><em>Il faut savoir raison garder<\/em><\/strong><\/p>\n<p class=\"c6\"><strong><em>\u00a0<\/em><\/strong><\/p>\n<p class=\"c4\"><em>\u00a0<\/em><\/p>\n<p class=\"c4\"><em>Cela dit, je fais le constat qu\u2019il y a parfois des d\u00e9rapages si je peux me permettre de parler ainsi. Je le dis parce que j\u2019ai vu des gens qui disent avoir obtenu des autorisations en bonne et due forme de la part des mairies d\u2019arrondissements pour faire des investissements, qui ont, par la suite, vu leurs boutiques\u00a0 ou kiosques d\u00e9molis. Le cas le plus \u00e9difiant est celui de l\u2019arrondissement 10 o\u00f9 un particulier, dit-on, a perdu plus de 60 millions de F CFA d\u2019investissements. Qu\u2019est-ce qui peut expliquer cela ? Les mairies d\u2019arrondissements ne travaillent-elles pas en \u00e9troite collaboration avec la mairie centrale ?\u00a0 C\u2019est la question que plus d\u2019un se pose.\u00a0<\/em> <em>J\u2019esp\u00e8re seulement que le particulier en question qui a subi une si grosse perte, n\u2019a pas \u00e9t\u00e9 victime d\u2019une querelle de personnes, c\u2019est-\u00e0-dire un probl\u00e8me d\u2019ego entre le maire central et le maire de l\u2019arrondissement 10. Car, si tel est le cas, \u00e7a peut jouer n\u00e9gativement sur l\u2019op\u00e9ration en cours que beaucoup applaudissent \u00e0 tout rompre. Il faut donc savoir raison garder pour que ce qui nous divise, ne prenne le pas sur l\u2019essentiel. Oui \u00e0 la lutte contre les installations anarchiques, mais non aux r\u00e8glements de comptes. Je veux que cela soit compris de tous pour qu\u2019ensemble, nous puissions relever les immenses d\u00e9fis auxquels fait face notre pays. Quant \u00e0 moi fou, j\u2019ai d\u00e9j\u00e0 fait ma part de chemin. Car, depuis qu\u2019a d\u00e9but\u00e9 la guerre contre les installations anarchiques, j\u2019ai aussi pris le soin de ne plus me coucher anarchiquement aux abords des grandes voies. N\u2019est-ce pas une preuve de civisme\u00a0?<\/em><\/p>\n<p class=\"c4\"><em>\u00a0<\/em><\/p>\n<p class=\"c6\"><strong><em>\u00ab\u00a0Le Fou\u00a0\u00bb<\/em><\/strong><\/p>\n<p>Auteur: Editions LEPAYS<br \/>\n<a href=\"https:\/\/lepays.bf\/lutte-contre-les-installations-anarchiques-a-ouaga\/\">Cliquez ici pour lire l&rsquo;article depuis sa source.<\/a><\/p>\n","protected":false},"excerpt":{"rendered":"<p>Les autorit\u00e9s municipales ont d\u00e9clar\u00e9 la guerre aux installations anarchiques \u00e0 Ouagadougou. C\u2019est du moins le constat que l\u2019on fait depuis quelque temps. En effet, presque chaque jour, on voit la police municipale sillonner les boulevards et les \u00ab\u00a0six-m\u00e8tres\u00a0\u00bb, traquant sans piti\u00e9 les \u00e9talagistes et autres commer\u00e7ants anarchiquement install\u00e9s. Des kiosques et des boutiques ont [&hellip;]<\/p>\n","protected":false},"author":1813,"featured_media":0,"comment_status":"closed","ping_status":"closed","sticky":false,"template":"","format":"standard","meta":{"fifu_image_url":"","fifu_image_alt":"","footnotes":""},"categories":[73,81],"tags":[],"class_list":["post-115421","post","type-post","status-publish","format-standard","hentry","category-actualite","category-burkina-faso"],"_links":{"self":[{"href":"https:\/\/linitiative.ca\/International\/wp-json\/wp\/v2\/posts\/115421","targetHints":{"allow":["GET"]}}],"collection":[{"href":"https:\/\/linitiative.ca\/International\/wp-json\/wp\/v2\/posts"}],"about":[{"href":"https:\/\/linitiative.ca\/International\/wp-json\/wp\/v2\/types\/post"}],"author":[{"embeddable":true,"href":"https:\/\/linitiative.ca\/International\/wp-json\/wp\/v2\/users\/1813"}],"replies":[{"embeddable":true,"href":"https:\/\/linitiative.ca\/International\/wp-json\/wp\/v2\/comments?post=115421"}],"version-history":[{"count":0,"href":"https:\/\/linitiative.ca\/International\/wp-json\/wp\/v2\/posts\/115421\/revisions"}],"wp:attachment":[{"href":"https:\/\/linitiative.ca\/International\/wp-json\/wp\/v2\/media?parent=115421"}],"wp:term":[{"taxonomy":"category","embeddable":true,"href":"https:\/\/linitiative.ca\/International\/wp-json\/wp\/v2\/categories?post=115421"},{"taxonomy":"post_tag","embeddable":true,"href":"https:\/\/linitiative.ca\/International\/wp-json\/wp\/v2\/tags?post=115421"}],"curies":[{"name":"wp","href":"https:\/\/api.w.org\/{rel}","templated":true}]}}