{"id":115422,"date":"2021-04-22T15:30:03","date_gmt":"2021-04-22T19:30:03","guid":{"rendered":"https:\/\/linitiative.ca\/International\/attaque-dune-caserne-militaire-a-abidjan\/"},"modified":"2021-04-22T15:30:03","modified_gmt":"2021-04-22T19:30:03","slug":"attaque-dune-caserne-militaire-a-abidjan","status":"publish","type":"post","link":"https:\/\/linitiative.ca\/International\/attaque-dune-caserne-militaire-a-abidjan\/","title":{"rendered":"ATTAQUE D\u2019UNE CASERNE MILITAIRE A ABIDJAN  \u00a0"},"content":{"rendered":"<p class=\"c4\"><em>Abidjan, la capitale \u00e9conomique ivoirienne, a \u00e9t\u00e9 le th\u00e9\u00e2tre d\u2019\u00e9changes de tirs dans la nuit du 21 au 22 avril dernier. Selon l\u2019\u00e9tat-major g\u00e9n\u00e9ral ivoirien des arm\u00e9es, ce sont des \u00ab\u00a0individus non identifi\u00e9s\u00a0\u00bb qui ont attaqu\u00e9 la base militaire de N\u2019Dotr\u00e9, dans le Nord de la ville, qui sont \u00e0 l\u2019origine de cette p\u00e9tarade nocturne. Bilan des \u00e9changes de tirs\u00a0: deux bless\u00e9s dont un parmi les forces arm\u00e9es ivoiriennes, et trois morts du c\u00f4t\u00e9 des assaillants. En attendant que l\u2019enqu\u00eate en cours puisse permettre d\u2019y voir un peu plus clair, les interrogations ne manquent pas. Qui sont les assaillants et que voulaient-ils\u00a0? Est-ce des terroristes, des mercenaires, des bandits arm\u00e9s\u00a0ou quoi encore ? D\u2019o\u00f9 sont-ils venus\u00a0? Pourquoi s\u2019en prendre \u00e0 un camp militaire dans une ville comme la capitale \u00e9conomique ivoirienne qui regroupe la plupart des institutions de l\u2019Etat, connue pour \u00eatre une forteresse\u00a0? Autant de questions et bien d\u2019autres auxquelles le travail des fins limiers ivoiriens devra permettre de trouver r\u00e9ponses. En attendant, aucune piste n\u2019est \u00e0 \u00e9carter. A commencer par la piste terroriste au moment o\u00f9 les forces du mal se sont signal\u00e9es \u00e0 plusieurs reprises, ces derniers temps, par des attaques contre des positions des Forces de d\u00e9fense et de s\u00e9curit\u00e9 (FDS).<\/em><\/p>\n<p class=\"c4\"><em>\u00a0<\/em><\/p>\n<p class=\"c6\"><strong><em>Les regards pourraient se tourner vers l\u2019ex-pr\u00e9sident de l\u2019Assembl\u00e9e nationale, Guillaume Soro<\/em><\/strong><\/p>\n<p class=\"c6\"><strong><em>\u00a0<\/em><\/strong><\/p>\n<p class=\"c4\"><em>Ce furent les cas, le 29 mars dernier, \u00e0 Kafolo et \u00e0 T\u00e9hini pr\u00e8s de la fronti\u00e8re avec le Burkina Faso, o\u00f9 trois FDS ont perdu la vie dans\u00a0 deux attaques presque simultan\u00e9es. Quelques mois plus t\u00f4t, dans la nuit du 10 au 11 juin 2020, c\u2019est un poste mixte de la gendarmerie et de l\u2019arm\u00e9e dans la m\u00eame localit\u00e9 de Kafolo, qui \u00e9tait pris pour cible par ces individus aux desseins obscurs, faisant une douzaine de morts au sein des FDS. Dans un tel contexte, comment ne pas voir, en ces assauts r\u00e9p\u00e9t\u00e9s, un d\u00e9but de mat\u00e9rialisation de la volont\u00e9 des terroristes d\u2019\u00e9tendre leurs tentacules jusqu\u2019aux pays du littoral, comme avait mis en garde le patron du renseignement fran\u00e7ais\u00a0? De l\u00e0 \u00e0 les voir derri\u00e8re l\u2019attaque de N\u2019Dotr\u00e9, il y a un pas que d\u2019aucuns se gardent de franchir, au regard des \u00e9l\u00e9ments saisis sur les assaillants apr\u00e8s l\u2019attaque. En effet, le listing de ces \u00e9l\u00e9ments compos\u00e9s d\u2019\u00abun AK 47, une paire de lunettes, une moto, 3 machettes\u00a0\u00bb semble trop faible pour mener une op\u00e9ration d\u2019envergure sur une cible forte comme la capitale \u00e9conomique ivoirienne, et pour \u00eatre l\u2019\u0153uvre des terroristes qui nous ont habitu\u00e9 \u00e0 des sc\u00e9narii beaucoup plus professionnellement \u00e9labor\u00e9s. Ensuite, les pi\u00e8ces d\u2019identit\u00e9 \u00e9trang\u00e8res d\u2019un pays voisin (certaines sources parlent du Liberia) et autres contrats de mercenaires trouv\u00e9s sur les assaillants avec force d\u00e9tails, allant jusqu\u2019\u00e0 la r\u00e9mun\u00e9ration en passant par le nom de l\u2019employeur, sont autant d\u2019indices pouvant conduire \u00e0 d\u2019autres pistes. Et dans le cas d\u2019esp\u00e8ce, les regards pourraient se tourner vers l\u2019ex-pr\u00e9sident de l\u2019Assembl\u00e9e nationale, Guillaume Soro, entr\u00e9 en disgr\u00e2ce et contraint \u00e0 l\u2019exil dans les conditions que l\u2019on sait, et r\u00e9guli\u00e8rement accus\u00e9 de chercher \u00e0 d\u00e9stabiliser le r\u00e9gime en place.<\/em><\/p>\n<p class=\"c4\"><em>\u00a0<\/em><\/p>\n<p class=\"c6\"><strong><em>C\u2019est une alerte qui doit \u00eatre prise au s\u00e9rieux par les autorit\u00e9s d\u2019Abidjan<\/em><\/strong><\/p>\n<p class=\"c4\"><em>\u00a0<\/em><\/p>\n<p class=\"c4\"><em>A moins que pour brouiller les pistes, ce ne soit un coup foireux du pouvoir pour mieux le tenir \u00e0 distance, au moment o\u00f9 se pr\u00e9cise le retour au bercail, dans le cadre de la r\u00e9conciliation nationale,\u00a0 de certains exil\u00e9s politiques dont les plus embl\u00e9matiques restent l\u2019ex-pr\u00e9sident Laurent Gbagbo et son truculent ministre de la Jeunesse, Charles Bl\u00e9 Goud\u00e9, blanchis par la Cour p\u00e9nale internationale (CPI). Quoi qu\u2019il en soit, dans une Afrique de l\u2019Ouest sous forte pression et en proie \u00e0 une ins\u00e9curit\u00e9 grandissante, les autorit\u00e9s ivoiriennes gagneraient \u00e0 garder l\u2019arme au pied. Elles ont d\u2019autant plus int\u00e9r\u00eat \u00e0 le faire qu\u2019\u00e0 la diff\u00e9rence de certains pays \u00a0du Sahel comme le Burkina Faso, le Mali et le Niger o\u00f9 s\u00e9vit d\u00e9j\u00e0 durement l\u2019hydre terroriste, elle dispose de denses for\u00eats connues pour \u00eatre des lieux pris\u00e9s de refuge de ces individus sans foi ni loi, qui pourraient y installer des bases pour mieux mener leurs basses besognes. Au del\u00e0, quelle que soit l\u2019origine de cette attaque, c\u2019est une alerte qui doit \u00eatre prise au s\u00e9rieux par les autorit\u00e9s d\u2019Abidjan. En effet, que ce soit l\u2019\u0153uvre de terroristes, de mercenaires ou de t\u00e9m\u00e9raires bandits qui se seraient amus\u00e9s \u00e0 un jeu dangereux, l\u2019intention n\u2019\u00e9tait manifestement pas amicale en ouvrant d\u2019embl\u00e9e le feu sur les postes de sentinelles pour chercher \u00e0 p\u00e9n\u00e9trer dans un camp militaire. Si ce n\u2019est pas pour se procurer des armes, \u00e0 quelles autres fins cela pouvait-il \u00eatre\u00a0?\u00a0 Et quelle devait \u00eatre la suite\u00a0?<\/em><\/p>\n<p class=\"c4\"><em>\u00a0<\/em><\/p>\n<p class=\"c6\"><strong><em>\u00a0\u00ab\u00a0Le Pays\u00a0\u00bb<\/em><\/strong><\/p>\n<p class=\"c4\"><em>\u00a0<\/em><\/p>\n<p>Auteur: Editions LEPAYS<br \/>\n<a href=\"https:\/\/lepays.bf\/attaque-dune-caserne-militaire-a-abidjan\/\">Cliquez ici pour lire l&rsquo;article depuis sa source.<\/a><\/p>\n","protected":false},"excerpt":{"rendered":"<p>Abidjan, la capitale \u00e9conomique ivoirienne, a \u00e9t\u00e9 le th\u00e9\u00e2tre d\u2019\u00e9changes de tirs dans la nuit du 21 au 22 avril dernier. Selon l\u2019\u00e9tat-major g\u00e9n\u00e9ral ivoirien des arm\u00e9es, ce sont des \u00ab\u00a0individus non identifi\u00e9s\u00a0\u00bb qui ont attaqu\u00e9 la base militaire de N\u2019Dotr\u00e9, dans le Nord de la ville, qui sont \u00e0 l\u2019origine de cette p\u00e9tarade nocturne. [&hellip;]<\/p>\n","protected":false},"author":1813,"featured_media":0,"comment_status":"closed","ping_status":"closed","sticky":false,"template":"","format":"standard","meta":{"fifu_image_url":"","fifu_image_alt":"","footnotes":""},"categories":[73,81],"tags":[],"class_list":["post-115422","post","type-post","status-publish","format-standard","hentry","category-actualite","category-burkina-faso"],"_links":{"self":[{"href":"https:\/\/linitiative.ca\/International\/wp-json\/wp\/v2\/posts\/115422","targetHints":{"allow":["GET"]}}],"collection":[{"href":"https:\/\/linitiative.ca\/International\/wp-json\/wp\/v2\/posts"}],"about":[{"href":"https:\/\/linitiative.ca\/International\/wp-json\/wp\/v2\/types\/post"}],"author":[{"embeddable":true,"href":"https:\/\/linitiative.ca\/International\/wp-json\/wp\/v2\/users\/1813"}],"replies":[{"embeddable":true,"href":"https:\/\/linitiative.ca\/International\/wp-json\/wp\/v2\/comments?post=115422"}],"version-history":[{"count":0,"href":"https:\/\/linitiative.ca\/International\/wp-json\/wp\/v2\/posts\/115422\/revisions"}],"wp:attachment":[{"href":"https:\/\/linitiative.ca\/International\/wp-json\/wp\/v2\/media?parent=115422"}],"wp:term":[{"taxonomy":"category","embeddable":true,"href":"https:\/\/linitiative.ca\/International\/wp-json\/wp\/v2\/categories?post=115422"},{"taxonomy":"post_tag","embeddable":true,"href":"https:\/\/linitiative.ca\/International\/wp-json\/wp\/v2\/tags?post=115422"}],"curies":[{"name":"wp","href":"https:\/\/api.w.org\/{rel}","templated":true}]}}