{"id":115424,"date":"2021-04-22T15:39:39","date_gmt":"2021-04-22T19:39:39","guid":{"rendered":"https:\/\/linitiative.ca\/International\/plusieurs-chefs-detat-aux-obseques-didriss-deby-itno\/"},"modified":"2021-04-22T15:39:39","modified_gmt":"2021-04-22T19:39:39","slug":"plusieurs-chefs-detat-aux-obseques-didriss-deby-itno","status":"publish","type":"post","link":"https:\/\/linitiative.ca\/International\/plusieurs-chefs-detat-aux-obseques-didriss-deby-itno\/","title":{"rendered":"PLUSIEURS CHEFS D\u2019ETAT AUX OBSEQUES D\u2019IDRISS DEBY ITNO"},"content":{"rendered":"<p class=\"c4\"><em>C\u2019est sur la place de la Nation de Ndjamena et en pr\u00e9sence d\u2019une dizaine de chefs d\u2019Etat, que la d\u00e9pouille du Mar\u00e9chal Idriss Deby sera expos\u00e9e ce 23 avril 2021 pour des obs\u00e8ques nationales, avant que le corps ne soit convoy\u00e9 par h\u00e9licopt\u00e8re pour le repos \u00e9ternel du guerrier, dans l\u2019intimit\u00e9 familiale et dans son village d\u2019Amdjarass, situ\u00e9 \u00e0 quelques encablures de sa ville natale, Berdoba, \u00e0 l\u2019extr\u00eame Est du pays. Celui dont on dit qu\u2019il avait une conception brutale de la d\u00e9mocratie a, comme chacun le sait, cass\u00e9 sa pipe lundi dernier, le jour m\u00eame o\u00f9, extraordinaire ironie du destin, la Commission \u00e9lectorale le donnait largement vainqueur de la derni\u00e8re \u2018\u2019fumisterie \u00e9lectorale\u2019\u2019 dans son pays, avec un score de 79,32% des voix. Idi quitte donc d\u00e9finitivement la sc\u00e8ne dans des circonstances encore troubles, mortellement atteint par un projectile sur le th\u00e9\u00e2tre des op\u00e9rations alors qu\u2019il s\u2019\u00e9tait rendu, comme \u00e0 son habitude, au front pour galvaniser ses troupes et faire le coup de feu contre des rebelles qui d\u00e9boulaient de la Libye voisine depuis le 11 avril, en direction de la capitale Ndjamena. On peut donc dire a posteriori que ce militaire de carri\u00e8re et vieux baroudeur,\u00a0 n\u2019a fait que r\u00e9pondre \u00e0 l\u2019appel de son destin, quand on sait qu\u2019il a \u00e9chapp\u00e9 plus d\u2019une fois \u00e0 la mort, notamment en 2008 quand, sangl\u00e9 dans sa tenue de combat et carte d\u2019Etat-major en main, il s\u2019\u00e9tait imprudemment rendu \u00e0 Massaguet \u00e0 cinquante kilom\u00e8tres de Ndjamena pour repousser les s\u00e9ides de Mahamat Nouri et de Timan Erdimi qui se disputaient d\u00e9j\u00e0 la peau de l\u2019ours alors qu\u2019ils ne l\u2019avaient m\u00eame pas encore tu\u00e9. Cette fois-ci, il \u00e9tait \u00e9crit qu\u2019il ne r\u00e9\u00e9diterait pas l\u2019exploit de 2008, et il tire sa r\u00e9v\u00e9rence au moment o\u00f9 certains de ses compatriotes, ses fr\u00e8res africains du Sahel et son alli\u00e9 de toujours, la France, pour ne pas la nommer, ont le plus besoin de lui bien que son passage \u00e0 la t\u00eate de son pays ait \u00e9t\u00e9 marqu\u00e9 par une gestion ploutocratique et une politique de la main tendue \u00e0 ses adversaires, qui s\u2019est av\u00e9r\u00e9e toujours \u00eatre une politique du pi\u00e8ge tendu.<\/em><\/p>\n<p class=\"c4\"><em>\u00a0<\/em><\/p>\n<p class=\"c6\"><strong><em>C\u2019est l\u2019avenir m\u00eame de toute l\u2019Afrique noire qui en d\u00e9pend<\/em><\/strong><\/p>\n<p class=\"c4\"><em>\u00a0<\/em><\/p>\n<p class=\"c4\"><em>\u00a0<\/em><\/p>\n<p class=\"c4\"><em>\u00a0Certes, des centaines de milliers de pages ne suffiront pas \u00e0 \u00e9grener tous les griefs qu\u2019on pourrait faire au r\u00e9gime particuli\u00e8rement r\u00e9pressif d\u2019Idriss Deby Itno. Mais l\u2019on devrait \u00e9galement faire preuve d\u2019honn\u00eatet\u00e9 et de gratitude vis-\u00e0-vis de ce guerrier dans l\u2019\u00e2me, pour le r\u00f4le pr\u00e9pond\u00e9rant et irrempla\u00e7able qu\u2019il a jou\u00e9, ces derni\u00e8res ann\u00e9es, dans la lutte contre le terrorisme et le crime organis\u00e9 dans son pays et dans toute la bande sah\u00e9lo-saharienne. On a encore en m\u00e9moire ces images d\u2019un chef de guerre plastronnant devant ses hommes et sur le terrain, apr\u00e8s la r\u00e9plique foudroyante de son arm\u00e9e \u00e0 la meurtri\u00e8re attaque de Boko Haram, le 23 mars 2020, contre la ville-garnison de Bohoma dans le bassin du Lac Tchad. On ne peut pas non plus oublier les services rendus au Mali, au Niger et au Burkina, en projetant des milliers de soldats dans les parties les plus dangereuses\u00a0 de ces trois pays pour faire comprendre aux crapauds de l\u2019Etat islamique et du JNIM, qu\u2019ils auront d\u00e9sormais affaire \u00e0 de l\u2019eau bouillante dans la zone dite des trois fronti\u00e8res, mais aussi dans l\u2019extr\u00eame Nord du Mali. M\u00eame dans le bassin du Lac Tchad d\u00e9vast\u00e9 par Boko Haram et o\u00f9 op\u00e8rent des arm\u00e9es aguerries comme celles du Nigeria et du Cameroun, il a fallu qu\u2019Idriss Deby prenne le risque politique et s\u00e9curitaire de d\u00e9ployer ses hommes, pour tenir la drag\u00e9e haute aux inconditionnels d\u2019Abubakar Shekau. Quant \u00e0 la France qui se demande quand et comment sortir du bourbier sah\u00e9lien, elle accuse ouvertement le coup suite \u00e0 cette disparition tragique de leur fid\u00e8le alli\u00e9, et elle suit de tr\u00e8s pr\u00e8s l\u2019\u00e9volution de la situation (euph\u00e9misme ou formule diplomatique pour dire qu\u2019elle est partie prenante dans les tractations en cours pour assurer la rel\u00e8ve ou la continuit\u00e9). En un mot comme en mille, ce sont des chefs d\u2019Etat durement affect\u00e9s et qui ont raison d\u2019avoir peur du vide, qui vont rendre ce matin un dernier hommage \u00e0 celui qui, m\u00eame s\u2019il ne va pas laisser un souvenir imp\u00e9rissable \u00e0 une bonne partie de ses compatriotes, aura eu le m\u00e9rite de donner une stabilit\u00e9 relative \u00e0 son pays autour duquel gravitent, il faut le rappeler, des Etats faillis comme la Libye, la Centrafrique et le Soudan pour ne citer que ces trois. On esp\u00e8re pour nos fr\u00e8res du Tchad, qu\u2019ils ne vont pas fermer la page Idriss Deby pour ouvrir une nouvelle pleine d\u2019incertitudes, avec un foisonnement de r\u00e9bellions comme toujours \u00e0 base ethnique, et l\u2019irruption sur la sc\u00e8ne politique de leaders dont les ambitions personnelles priment sur la cause nationale et dont les programmes reposent essentiellement sur des alliances fantaisistes et des accords d\u2019opportunit\u00e9, dans le seul but de piller les ressources du pays. Si ce sc\u00e9nario-catastrophe devait se r\u00e9aliser, on regretterait un jour et \u00e0 coup s\u00fbr, celui qui est d\u00e9peint comme l\u2019un des pr\u00e9sidents les plus monomaniaques et m\u00e9galomaniaques du continent, comme c\u2019est le cas aujourd\u2019hui en Libye avec tous les d\u00e9sordres cr\u00e9\u00e9s par la chute brutale du dictateur Kadhafi. L\u2019inqui\u00e9tude est d\u2019autant plus grande et r\u00e9elle qu\u2019avant m\u00eame que \u00ab\u00a0le Mar\u00e9chal du Tchad\u00a0\u00bb comme il se faisait appeler, ne soit port\u00e9 en terre, les rebelles menacent encore et toujours de fondre sur la capitale, les syndicats, la soci\u00e9t\u00e9 civile et les partis politiques ruent dans les brancards depuis qu\u2019il est \u00e9vident qu\u2019on assiste \u00e0 une d\u00e9volution monarchique du pouvoir avec le fils \u00e0 la place du p\u00e8re, sans oublier les remous possibles au sein de la Grande muette qui est, \u00e0 l\u2019image du pays, travers\u00e9e, elle aussi, par des dissensions d\u2019ordre ethnique ou tribal. Le risque que les choses partent en vrilles dans ce pays chroniquement instable est, il est vrai,\u00a0 r\u00e9el, mais il est certain que les chefs d\u2019Etat africains et fran\u00e7ais pr\u00e9sents \u00e0 la c\u00e9r\u00e9monie fun\u00e9raire ne laisseront pas, au nom du d\u00e9funt p\u00e8re, de son successeur de fils et de la lutte contre le terrorisme, le Tchad sombrer dans le chaos \u00e0 l\u2019image de la Libye ou de la Somalie. Car, c\u2019est l\u2019avenir m\u00eame de toute l\u2019Afrique noire qui en d\u00e9pend en raison de sa position g\u00e9ostrat\u00e9gique.<\/em><\/p>\n<p class=\"c4\"><em>\u00a0<\/em><\/p>\n<p class=\"c6\"><strong><em>Hamadou GADIAGA<\/em><\/strong><\/p>\n<p class=\"c4\"><em>\u00a0<\/em><\/p>\n<p>Auteur: Editions LEPAYS<br \/>\n<a href=\"https:\/\/lepays.bf\/plusieurs-chefs-detat-aux-obseques-didriss-deby-itno\/\">Cliquez ici pour lire l&rsquo;article depuis sa source.<\/a><\/p>\n","protected":false},"excerpt":{"rendered":"<p>C\u2019est sur la place de la Nation de Ndjamena et en pr\u00e9sence d\u2019une dizaine de chefs d\u2019Etat, que la d\u00e9pouille du Mar\u00e9chal Idriss Deby sera expos\u00e9e ce 23 avril 2021 pour des obs\u00e8ques nationales, avant que le corps ne soit convoy\u00e9 par h\u00e9licopt\u00e8re pour le repos \u00e9ternel du guerrier, dans l\u2019intimit\u00e9 familiale et dans son [&hellip;]<\/p>\n","protected":false},"author":1813,"featured_media":0,"comment_status":"closed","ping_status":"closed","sticky":false,"template":"","format":"standard","meta":{"fifu_image_url":"","fifu_image_alt":"","footnotes":""},"categories":[73,81],"tags":[],"class_list":["post-115424","post","type-post","status-publish","format-standard","hentry","category-actualite","category-burkina-faso"],"_links":{"self":[{"href":"https:\/\/linitiative.ca\/International\/wp-json\/wp\/v2\/posts\/115424","targetHints":{"allow":["GET"]}}],"collection":[{"href":"https:\/\/linitiative.ca\/International\/wp-json\/wp\/v2\/posts"}],"about":[{"href":"https:\/\/linitiative.ca\/International\/wp-json\/wp\/v2\/types\/post"}],"author":[{"embeddable":true,"href":"https:\/\/linitiative.ca\/International\/wp-json\/wp\/v2\/users\/1813"}],"replies":[{"embeddable":true,"href":"https:\/\/linitiative.ca\/International\/wp-json\/wp\/v2\/comments?post=115424"}],"version-history":[{"count":0,"href":"https:\/\/linitiative.ca\/International\/wp-json\/wp\/v2\/posts\/115424\/revisions"}],"wp:attachment":[{"href":"https:\/\/linitiative.ca\/International\/wp-json\/wp\/v2\/media?parent=115424"}],"wp:term":[{"taxonomy":"category","embeddable":true,"href":"https:\/\/linitiative.ca\/International\/wp-json\/wp\/v2\/categories?post=115424"},{"taxonomy":"post_tag","embeddable":true,"href":"https:\/\/linitiative.ca\/International\/wp-json\/wp\/v2\/tags?post=115424"}],"curies":[{"name":"wp","href":"https:\/\/api.w.org\/{rel}","templated":true}]}}