{"id":115425,"date":"2021-04-22T16:26:28","date_gmt":"2021-04-22T20:26:28","guid":{"rendered":"https:\/\/linitiative.ca\/International\/72-heures-de-la-policiere-de-kaya-sous-le-signe-de-la-cohesion-sociale\/"},"modified":"2021-04-22T16:26:28","modified_gmt":"2021-04-22T20:26:28","slug":"72-heures-de-la-policiere-de-kaya-sous-le-signe-de-la-cohesion-sociale","status":"publish","type":"post","link":"https:\/\/linitiative.ca\/International\/72-heures-de-la-policiere-de-kaya-sous-le-signe-de-la-cohesion-sociale\/","title":{"rendered":"72 heures de la polici\u00e8re de Kaya: sous le signe de la coh\u00e9sion sociale"},"content":{"rendered":"<div class=\"td-post-featured-image\"><a href=\"https:\/\/www.sidwaya.info\/wp-content\/uploads\/2021\/04\/kaya023.jpg\" data-caption=\"\"><img loading=\"lazy\" decoding=\"async\" width=\"693\" height=\"520\" class=\"entry-thumb td-modal-image\" src=\"https:\/\/www.sidwaya.info\/wp-content\/uploads\/2021\/04\/kaya023.jpg\" srcset=\"https:\/\/www.sidwaya.info\/wp-content\/uploads\/2021\/04\/kaya023.jpg 693w, https:\/\/www.sidwaya.info\/wp-content\/uploads\/2021\/04\/kaya023-300x225.jpg 300w, https:\/\/www.sidwaya.info\/wp-content\/uploads\/2021\/04\/kaya023-150x113.jpg 150w, https:\/\/www.sidwaya.info\/wp-content\/uploads\/2021\/04\/kaya023-560x420.jpg 560w, https:\/\/www.sidwaya.info\/wp-content\/uploads\/2021\/04\/kaya023-80x60.jpg 80w, https:\/\/www.sidwaya.info\/wp-content\/uploads\/2021\/04\/kaya023-265x198.jpg 265w\" sizes=\"auto, (max-width: 693px) 100vw, 693px\" alt=\"\" title=\"kaya023\"\/><\/a><\/div>\n<p><strong>La section f\u00e9minine de la direction r\u00e9gionale de la Police nationale du Centre-Nord organise, du 22 au 24 avril 2021 \u00e0 Kaya, la premi\u00e8re \u00e9dition des 72 heures d\u2019activit\u00e9s de la polici\u00e8re de Kaya.<\/strong><\/p>\n<p>La Section f\u00e9minine de la Police nationale du Centre-Nord (SFPN-CN) et les personnes d\u00e9plac\u00e9es internes (PDI) veulent mutualiser leurs efforts pour plus de coh\u00e9sion sociale en vue de mieux lutter contre les Violences bas\u00e9es sur le genre (VBG). A cet effet, la SFPN-CN organise, du 22 au 24 avril 2021 \u00e0 Kaya, la premi\u00e8re \u00e9dition de ses 72 heures d\u2019activit\u00e9s sous le th\u00e8me\u00a0: \u00ab La polici\u00e8re de Kaya et les personnes d\u00e9plac\u00e9es internes pour la coh\u00e9sion sociale et la lutte contre les violences faites aux femmes et aux filles\u00bb. Selon la repr\u00e9sentante de la SFPN-CN, Sandouidi Ad\u00e8le, plusieurs activit\u00e9s sont au programme. Elle a cit\u00e9, entre autres, une campagne d\u2019enr\u00f4lement massif pour l\u2019\u00e9tablissement de Cartes nationales d\u2019identit\u00e9 burkinab\u00e8 (CNIB) au profit des femmes d\u00e9plac\u00e9es internes, un d\u00e9pistage du cancer du sein et du col de l\u2019ut\u00e9rus de 300 femmes, un cross populaire, des contr\u00f4les urbains sur la voie publique suivis de sensibilisation, une conf\u00e9rence publique sur les VBG et une \u00e9mission radiophonique sur le mariage forc\u00e9 et\/ou pr\u00e9coce. \u00ab L\u2019organisation de ces 72 heures est un signal fort en ce sens qu\u2019elle interpelle toute la communaut\u00e9 de la r\u00e9gion du Centre-Nord \u00e0 plus de vigilance dans la lutte contre les violences faites aux femmes et aux filles ainsi que le mariage pr\u00e9coce et\/ou forc\u00e9 \u00bb, a-t-elle indiqu\u00e9. La section f\u00e9minine de la Direction r\u00e9gionale, a poursuivi Mme Sandouidi, s\u2019engage dans la politique de lutte contre les violences faites aux femmes et aux filles et dans la coh\u00e9sion sociale au Centre-Nord, surtout entre les PDI et les populations-h\u00f4tes.<\/p>\n<p>Promouvoir le bien-\u00eatre des enfants<\/p>\n<p>\u00ab Nous sommes ouvertes \u00e0 toute initiative tendant \u00e0 promouvoir le bien-\u00eatre des enfants et des femmes de Kaya pour que nous puissions bouter le mariage d\u2019enfant et les violences faites aux femmes hors de nos fronti\u00e8res \u00bb, a fait savoir Ad\u00e8le Sadouidi.<br \/>Pour le Directeur r\u00e9gional de la Police nationale du Centre-Nord, Sinari Ze\u00ef, dans son ressort territorial, les VBG touchent plus particuli\u00e8rement les personnes vivant dans une situation de vuln\u00e9rabilit\u00e9, notamment les enfants, les femmes et les PDI, surtout dans ce contexte de crise s\u00e9curitaire. D\u2019o\u00f9 la n\u00e9cessit\u00e9, a-t-il dit, d\u2019apporter une r\u00e9ponse \u00e0 ces violences \u00e0 travers l\u2019organisation de ces 72 heures d\u2019activit\u00e9s de la polici\u00e8re de Kaya. M. Ze\u00ef a fond\u00e9 l\u2019espoir que ces activit\u00e9s puissent engendrer des changements positifs de comportements des populations.<br \/>Pour sa part, la marraine de la c\u00e9r\u00e9monie, la Directrice r\u00e9gionale de l\u2019Environnement, de l\u2019Economie verte et du Changement climatique du Centre-Nord, Mariam Douamba, a signifi\u00e9 que ces 72 heures d\u2019activit\u00e9s de la polici\u00e8re permettront aux populations civiles de s\u2019impr\u00e9gner des conditions de vie et de travail des agents de police, de renforcer davantage le dialogue, les m\u00e9canismes de redevabilit\u00e9 et la coop\u00e9ration entre elles et polici\u00e8res. Pour elle, le respect des droits humains, le sentiment de s\u00e9curit\u00e9 et de justice sociale, tout comme l\u2019inclusion des femmes dans les actions en faveur de la paix et de la coh\u00e9sion sociale, mais aussi dans la lutte contre les diff\u00e9rentes formes de violences, sont fondamentaux pour le renforcement de la confiance entre les populations civiles et les Forces de d\u00e9fense et de s\u00e9curit\u00e9. C\u2019est pourquoi, Mariam Douamba a invit\u00e9 les femmes de la r\u00e9gion, en l\u2019occurrence les PDI, \u00e0 une franche collaboration avec les forces de police pour mieux lutter contre toutes les formes de violences dont elles sont victimes.<\/p>\n<p>Emil Abdoul Razak SEGDA<br \/>Segda9emil@gmail.com<\/p>\n<div class=\"td-a-rec td-a-rec-id-content_bottom tdi_33_368 td_block_template_1\">\n<p><img loading=\"lazy\" decoding=\"async\" class=\"aligncenter size-full wp-image-27454\" src=\"https:\/\/www.sidwaya.info\/wp-content\/uploads\/2020\/10\/PUB-Bandeau-paiement-mobile-siteweb.jpg\" alt=\"\" width=\"728\" height=\"90\"\/><\/div>\n<p>Auteur: BM. Sidwaya<br \/>\n<a href=\"https:\/\/www.sidwaya.info\/blog\/2021\/04\/22\/72-heures-de-la-policiere-de-kaya-sous-le-signe-de-la-cohesion-sociale\/\">Cliquez ici pour lire l&rsquo;article depuis sa source.<\/a><\/p>\n","protected":false},"excerpt":{"rendered":"<p>La section f\u00e9minine de la direction r\u00e9gionale de la Police nationale du Centre-Nord organise, du 22 au 24 avril 2021 \u00e0 Kaya, la premi\u00e8re \u00e9dition des 72 heures d\u2019activit\u00e9s de la polici\u00e8re de Kaya. La Section f\u00e9minine de la Police nationale du Centre-Nord (SFPN-CN) et les personnes d\u00e9plac\u00e9es internes (PDI) veulent mutualiser leurs efforts pour [&hellip;]<\/p>\n","protected":false},"author":1816,"featured_media":0,"comment_status":"closed","ping_status":"closed","sticky":false,"template":"","format":"standard","meta":{"fifu_image_url":"https:\/\/www.sidwaya.info\/wp-content\/uploads\/2021\/04\/kaya023.jpg","fifu_image_alt":"72 heures de la polici\u00e8re de Kaya: sous le signe de la coh\u00e9sion sociale","footnotes":""},"categories":[73,81],"tags":[],"class_list":["post-115425","post","type-post","status-publish","format-standard","hentry","category-actualite","category-burkina-faso"],"_links":{"self":[{"href":"https:\/\/linitiative.ca\/International\/wp-json\/wp\/v2\/posts\/115425","targetHints":{"allow":["GET"]}}],"collection":[{"href":"https:\/\/linitiative.ca\/International\/wp-json\/wp\/v2\/posts"}],"about":[{"href":"https:\/\/linitiative.ca\/International\/wp-json\/wp\/v2\/types\/post"}],"author":[{"embeddable":true,"href":"https:\/\/linitiative.ca\/International\/wp-json\/wp\/v2\/users\/1816"}],"replies":[{"embeddable":true,"href":"https:\/\/linitiative.ca\/International\/wp-json\/wp\/v2\/comments?post=115425"}],"version-history":[{"count":0,"href":"https:\/\/linitiative.ca\/International\/wp-json\/wp\/v2\/posts\/115425\/revisions"}],"wp:attachment":[{"href":"https:\/\/linitiative.ca\/International\/wp-json\/wp\/v2\/media?parent=115425"}],"wp:term":[{"taxonomy":"category","embeddable":true,"href":"https:\/\/linitiative.ca\/International\/wp-json\/wp\/v2\/categories?post=115425"},{"taxonomy":"post_tag","embeddable":true,"href":"https:\/\/linitiative.ca\/International\/wp-json\/wp\/v2\/tags?post=115425"}],"curies":[{"name":"wp","href":"https:\/\/api.w.org\/{rel}","templated":true}]}}