{"id":115429,"date":"2021-04-22T16:47:01","date_gmt":"2021-04-22T20:47:01","guid":{"rendered":"https:\/\/linitiative.ca\/International\/journee-mondiale-du-livre-et-du-droit-dauteur-le-message-du-ministre-de-la-culture-des-arts-et-du-tourisme\/"},"modified":"2021-04-22T16:47:01","modified_gmt":"2021-04-22T20:47:01","slug":"journee-mondiale-du-livre-et-du-droit-dauteur-le-message-du-ministre-de-la-culture-des-arts-et-du-tourisme","status":"publish","type":"post","link":"https:\/\/linitiative.ca\/International\/journee-mondiale-du-livre-et-du-droit-dauteur-le-message-du-ministre-de-la-culture-des-arts-et-du-tourisme\/","title":{"rendered":"Journ\u00e9e mondiale du livre et du droit d\u2019auteur: le message du ministre de la Culture, des Arts et du Tourisme"},"content":{"rendered":"<div class=\"td-post-featured-image\"><a href=\"https:\/\/www.sidwaya.info\/wp-content\/uploads\/2021\/04\/message.jpg\" data-caption=\"\"><img loading=\"lazy\" decoding=\"async\" width=\"347\" height=\"520\" class=\"entry-thumb td-modal-image\" src=\"https:\/\/www.sidwaya.info\/wp-content\/uploads\/2021\/04\/message.jpg\" srcset=\"https:\/\/www.sidwaya.info\/wp-content\/uploads\/2021\/04\/message.jpg 347w, https:\/\/www.sidwaya.info\/wp-content\/uploads\/2021\/04\/message-200x300.jpg 200w, https:\/\/www.sidwaya.info\/wp-content\/uploads\/2021\/04\/message-150x225.jpg 150w, https:\/\/www.sidwaya.info\/wp-content\/uploads\/2021\/04\/message-300x450.jpg 300w, https:\/\/www.sidwaya.info\/wp-content\/uploads\/2021\/04\/message-280x420.jpg 280w\" sizes=\"auto, (max-width: 347px) 100vw, 347px\" alt=\"\" title=\"message\"\/><\/a><\/div>\n<p>La date du 23 avril a \u00e9t\u00e9 choisie par la conf\u00e9rence g\u00e9n\u00e9rale de l\u2019UNESCO pour rendre un hommage aux acteurs de la chaine du livre et du droit d\u2019auteur. En cette date symbolique pour la litt\u00e9rature universelle, j\u2019exprime \u00e0 tous ces acteurs ma profonde reconnaissance pour l\u2019\u0153uvre de construction de nos soci\u00e9t\u00e9s. Je note que le livre a cette capacit\u00e9 unique de nous divertir, de nous instruire, d\u2019\u00eatre \u00e0 la fois l\u2019instrument d\u2019une sortie de soi, d\u2019une rencontre avec les autres et d\u2019offrir un temps o\u00f9 plonger plus profond\u00e9ment en soi-m\u00eame. En somme, le livre est un puissant moyen de r\u00e9alisation du r\u00eave d\u2019un monde sans ignorance, de paix et de bien-\u00eatre. Il est donc tr\u00e8s important pour nous, de prendre le temps de lire, seul ou avec ses enfants mais aussi de faire grandir ces derniers en tant que lecteurs, en leur transmettant l\u2019amour de la litt\u00e9rature, qui durera la vie enti\u00e8re. De m\u00eame, le droit d\u2019auteur est l\u2019un des \u00e9l\u00e9ments fondamentaux du plein \u00e9panouissement de nos cr\u00e9ateurs. S\u2019ils vivent pour leur art, il est imp\u00e9rieux qu\u2019ils vivent \u00e9galement de leur art. Cette journ\u00e9e nous impose \u00e9galement une d\u00e9marche introspective pour appr\u00e9cier nos actions en faveur de ces deux secteurs. Je me r\u00e9jouis des r\u00e9sultats atteints au cours de ces derni\u00e8res ann\u00e9es\u00a0; plus particuli\u00e8rement de l\u2019adoption par la Repr\u00e9sentation nationale, en 2019, de la loi 048, portant protection de la propri\u00e9t\u00e9 litt\u00e9raire et artistique, et de la loi 049, orientation du livre et de la lecture publique au Burkina Faso. Ces actes forts t\u00e9moignent de l\u2019engagement des autorit\u00e9s \u00e0 placer le livre et le droit d\u2019auteur au c\u0153ur des politiques de d\u00e9veloppement de notre pays. Et le gouvernement entend poursuivre la dynamique, en intensifiant la lutte contre la contrefa\u00e7on des \u0153uvres litt\u00e9raires et artistiques et en renfor\u00e7ant la culture du droit d\u2019auteur aupr\u00e8s des utilisateurs des produits artistiques.<br \/>Ce 23 avril marque \u00e9galement le lancement des activit\u00e9s de \u2018\u2019Tbilissi, Capitale mondiale du livre 2021\u2019\u2019. Au cours de cette ann\u00e9e, la Capitale g\u00e9orgienne sera \u00e0 l\u2019honneur pour magnifier le livre et la lecture. Ouagadougou \u00e9galement m\u00e9rite cet honneur. J\u2019invite donc tous les acteurs \u00e0 une synergie d\u2019actions, afin que, les ann\u00e9es \u00e0 venir, nous puissions aussi c\u00e9l\u00e9brer \u2018\u2019Ouagadougou, Capitale mondiale du livre\u2019\u2019. Je les invite \u00e9galement \u00e0 la conjonction des efforts pour assurer la relance prochaine et l\u2019institution du Grand prix du livre du Pr\u00e9sident du Faso qui sera attribu\u00e9 le 23 avril de chaque ann\u00e9e. Je les invite enfin \u00e0 \u0153uvrer \u00e0 la reprise des travaux de construction de la Biblioth\u00e8que nationale du Burkina.<br \/>J\u2019ai la ferme conviction qu\u2019ensemble nous y arriverons\u00a0; que c\u2019est seulement ensemble que nous saurons relever ces diff\u00e9rents d\u00e9fis.<\/p>\n<p>Vive le livre, pour que vive<br \/>le droit d\u2019auteur\u00a0!<br \/>\u00ab\u00a0Une nation qui lit est une Nation qui gagne\u00a0\u00bb<\/p>\n<p>Bonne f\u00eate \u00e0 toutes et \u00e0 tous\u00a0!<\/p>\n<p>Elise Foniyama Ilboudo\/Thiombiano<\/p>\n<div class=\"td-a-rec td-a-rec-id-content_bottom tdi_33_800 td_block_template_1\">\n<p><img loading=\"lazy\" decoding=\"async\" class=\"aligncenter size-full wp-image-27454\" src=\"https:\/\/www.sidwaya.info\/wp-content\/uploads\/2020\/10\/PUB-Bandeau-paiement-mobile-siteweb.jpg\" alt=\"\" width=\"728\" height=\"90\"\/><\/div>\n<p>Auteur: BM. Sidwaya<br \/>\n<a href=\"https:\/\/www.sidwaya.info\/blog\/2021\/04\/22\/journee-mondiale-du-livre-et-du-droit-dauteur-le-message-du-ministre-de-la-culture-des-arts-et-du-tourisme\/\">Cliquez ici pour lire l&rsquo;article depuis sa source.<\/a><\/p>\n","protected":false},"excerpt":{"rendered":"<p>La date du 23 avril a \u00e9t\u00e9 choisie par la conf\u00e9rence g\u00e9n\u00e9rale de l\u2019UNESCO pour rendre un hommage aux acteurs de la chaine du livre et du droit d\u2019auteur. En cette date symbolique pour la litt\u00e9rature universelle, j\u2019exprime \u00e0 tous ces acteurs ma profonde reconnaissance pour l\u2019\u0153uvre de construction de nos soci\u00e9t\u00e9s. Je note que [&hellip;]<\/p>\n","protected":false},"author":1816,"featured_media":0,"comment_status":"closed","ping_status":"closed","sticky":false,"template":"","format":"standard","meta":{"fifu_image_url":"https:\/\/www.sidwaya.info\/wp-content\/uploads\/2021\/04\/message.jpg","fifu_image_alt":"Journ\u00e9e mondiale du livre et du droit d\u2019auteur: le message du ministre de la Culture, des Arts et du Tourisme","footnotes":""},"categories":[73,81],"tags":[],"class_list":["post-115429","post","type-post","status-publish","format-standard","hentry","category-actualite","category-burkina-faso"],"_links":{"self":[{"href":"https:\/\/linitiative.ca\/International\/wp-json\/wp\/v2\/posts\/115429","targetHints":{"allow":["GET"]}}],"collection":[{"href":"https:\/\/linitiative.ca\/International\/wp-json\/wp\/v2\/posts"}],"about":[{"href":"https:\/\/linitiative.ca\/International\/wp-json\/wp\/v2\/types\/post"}],"author":[{"embeddable":true,"href":"https:\/\/linitiative.ca\/International\/wp-json\/wp\/v2\/users\/1816"}],"replies":[{"embeddable":true,"href":"https:\/\/linitiative.ca\/International\/wp-json\/wp\/v2\/comments?post=115429"}],"version-history":[{"count":0,"href":"https:\/\/linitiative.ca\/International\/wp-json\/wp\/v2\/posts\/115429\/revisions"}],"wp:attachment":[{"href":"https:\/\/linitiative.ca\/International\/wp-json\/wp\/v2\/media?parent=115429"}],"wp:term":[{"taxonomy":"category","embeddable":true,"href":"https:\/\/linitiative.ca\/International\/wp-json\/wp\/v2\/categories?post=115429"},{"taxonomy":"post_tag","embeddable":true,"href":"https:\/\/linitiative.ca\/International\/wp-json\/wp\/v2\/tags?post=115429"}],"curies":[{"name":"wp","href":"https:\/\/api.w.org\/{rel}","templated":true}]}}