{"id":115430,"date":"2021-04-22T12:18:02","date_gmt":"2021-04-22T16:18:02","guid":{"rendered":"https:\/\/linitiative.ca\/International\/trente-six-tracteurs-electriques-pour-le-port-dabidjan\/"},"modified":"2021-04-22T12:18:02","modified_gmt":"2021-04-22T16:18:02","slug":"trente-six-tracteurs-electriques-pour-le-port-dabidjan","status":"publish","type":"post","link":"https:\/\/linitiative.ca\/International\/trente-six-tracteurs-electriques-pour-le-port-dabidjan\/","title":{"rendered":"Trente-six tracteurs \u00e9lectriques pour le port d\u2019Abidjan"},"content":{"rendered":"<div readability=\"32\">\n<p>Publi\u00e9 le 22.04.2021 \u00e0 17h18 par APA News<\/p>\n<\/div>\n<div readability=\"70\">\n<p>Les engins de manutention vont \u00e9quiper le futur terminal \u00e0 conteneurs du port d\u2019Abidjan.C\u2019est une commande de 9,9 millions d\u2019euros (6,5 milliards Fcfa). Elle fait partie des engagements pris par les actionnaires de r\u00e9f\u00e9rence de C\u00f4te d\u2019Ivoire Terminal, Bollor\u00e9 Ports et APM Terminals, dans le cadre du partenariat public-priv\u00e9 sign\u00e9 avec les autorit\u00e9s ivoiriennes.<\/p>\n<p>Elle s\u2019inscrit notamment dans la volont\u00e9 de faire de ce nouveau port, dont les travaux de construction ont \u00e9t\u00e9 lanc\u00e9s en octobre 2020 par C\u00f4te d\u2019Ivoire Terminal, un pionnier en mati\u00e8re d\u2019\u00e9co-responsabilit\u00e9, rapporte un communiqu\u00e9 de Bollor\u00e9 re\u00e7u \u00e0 APA ce jeudi.<\/p>\n<p>Les 36 tracteurs qui seront livr\u00e9s vers la fin de l\u2019ann\u00e9e 2021 sont 100 % \u00e9lectriques, sans \u00e9missions de CO2 ou de pollution sonore. Ils permettent de r\u00e9duire de 70% le co\u00fbt de l\u2019\u00e9nergie consomm\u00e9e sur les terminaux. \u00c9quip\u00e9s des batteries LMP\u00ae de Blue Solutions, ces engins de manutention offrent des garanties de fiabilit\u00e9, d\u2019autonomie et de s\u00e9curit\u00e9.<\/p>\n<p>Fruit de la synergie entre Bollor\u00e9 Ports, Blue Solutions, et le constructeur Gaussin, ces tracteurs \u00e9lectriques vont r\u00e9duire l\u2019empreinte environnementale du futur terminal \u00e0 conteneurs. C\u00f4te d\u2019Ivoire Terminal envisage ainsi de promouvoir des solutions logistiques \u00e9co-responsables sur la fa\u00e7ade maritime ouest-africaine, plus respectueuses de l\u2019homme et de son environnement et qui participent au programme de lab\u00e9lisation \u00ab Green Terminal \u00bb.<\/p>\n<p>\u00ab Ces \u00e9quipements \u00e9lectriques combin\u00e9s aux efforts pour pr\u00e9server la biodiversit\u00e9 vont r\u00e9duire l\u2019empreinte carbone de nos activit\u00e9s. C\u2019est une priorit\u00e9 pour nous. Il s\u2019agit pour C\u00f4te d\u2019Ivoire Terminal d\u2019innover et d\u2019acc\u00e9l\u00e9rer sa transition \u00e9nerg\u00e9tique avec le concours du Port Autonome d\u2019Abidjan. Les succ\u00e8s enregistr\u00e9s par les premiers tracteurs \u00e9lectriques d\u00e9ploy\u00e9s par Gaussin sur d\u2019autres terminaux portuaires en Afrique confortent la pertinence de notre choix \u00bb, a d\u00e9clar\u00e9 Koen De Backker, Directeur g\u00e9n\u00e9ral de C\u00f4te d\u2019Ivoire Terminal.<\/p>\n<\/div>\n<p>Auteur: APA News<br \/>\n<a href=\"https:\/\/www.journalducameroun.com\/trente-six-tracteurs-electriques-pour-le-port-dabidjan\/\">Cliquez ici pour lire l&rsquo;article depuis sa source.<\/a><\/p>\n","protected":false},"excerpt":{"rendered":"<p>Publi\u00e9 le 22.04.2021 \u00e0 17h18 par APA News Les engins de manutention vont \u00e9quiper le futur terminal \u00e0 conteneurs du port d\u2019Abidjan.C\u2019est une commande de 9,9 millions d\u2019euros (6,5 milliards Fcfa). Elle fait partie des engagements pris par les actionnaires de r\u00e9f\u00e9rence de C\u00f4te d\u2019Ivoire Terminal, Bollor\u00e9 Ports et APM Terminals, dans le cadre du [&hellip;]<\/p>\n","protected":false},"author":1965,"featured_media":0,"comment_status":"closed","ping_status":"closed","sticky":false,"template":"","format":"standard","meta":{"fifu_image_url":"","fifu_image_alt":"","footnotes":""},"categories":[73,82],"tags":[],"class_list":["post-115430","post","type-post","status-publish","format-standard","hentry","category-actualite","category-cameroun"],"_links":{"self":[{"href":"https:\/\/linitiative.ca\/International\/wp-json\/wp\/v2\/posts\/115430","targetHints":{"allow":["GET"]}}],"collection":[{"href":"https:\/\/linitiative.ca\/International\/wp-json\/wp\/v2\/posts"}],"about":[{"href":"https:\/\/linitiative.ca\/International\/wp-json\/wp\/v2\/types\/post"}],"author":[{"embeddable":true,"href":"https:\/\/linitiative.ca\/International\/wp-json\/wp\/v2\/users\/1965"}],"replies":[{"embeddable":true,"href":"https:\/\/linitiative.ca\/International\/wp-json\/wp\/v2\/comments?post=115430"}],"version-history":[{"count":0,"href":"https:\/\/linitiative.ca\/International\/wp-json\/wp\/v2\/posts\/115430\/revisions"}],"wp:attachment":[{"href":"https:\/\/linitiative.ca\/International\/wp-json\/wp\/v2\/media?parent=115430"}],"wp:term":[{"taxonomy":"category","embeddable":true,"href":"https:\/\/linitiative.ca\/International\/wp-json\/wp\/v2\/categories?post=115430"},{"taxonomy":"post_tag","embeddable":true,"href":"https:\/\/linitiative.ca\/International\/wp-json\/wp\/v2\/tags?post=115430"}],"curies":[{"name":"wp","href":"https:\/\/api.w.org\/{rel}","templated":true}]}}