{"id":115431,"date":"2021-04-22T12:44:53","date_gmt":"2021-04-22T16:44:53","guid":{"rendered":"https:\/\/linitiative.ca\/International\/cameroun-obseques-didriss-deby-joseph-beti-assomo-va-representer-paul-biya\/"},"modified":"2021-04-22T12:44:53","modified_gmt":"2021-04-22T16:44:53","slug":"cameroun-obseques-didriss-deby-joseph-beti-assomo-va-representer-paul-biya","status":"publish","type":"post","link":"https:\/\/linitiative.ca\/International\/cameroun-obseques-didriss-deby-joseph-beti-assomo-va-representer-paul-biya\/","title":{"rendered":"Cameroun \u2013 Obs\u00e8ques d\u2019Idriss Deby : Joseph Beti Assomo va repr\u00e9senter Paul Biya"},"content":{"rendered":"<div readability=\"32\">\n<p>Publi\u00e9 le 22.04.2021 \u00e0 17h44 par Journal du Cameroun<\/p>\n<\/div>\n<div readability=\"51\">\n<h5><strong>Le ministre d\u00e9l\u00e9gu\u00e9 charg\u00e9 de la D\u00e9fense conduit une mission au Tchad pour repr\u00e9senter chef de l\u2019Etat aux obs\u00e8ques du pr\u00e9sident tchadien assassin\u00e9.<\/strong><\/h5>\n<p>La mission chapeaut\u00e9e par Joseph Beti Assomo est constitu\u00e9e d\u2019officiers sup\u00e9rieurs de l\u2019arm\u00e9e camerounaise. C\u2019est elle que le pr\u00e9sident Paul Biya a d\u00e9p\u00each\u00e9 ce 22 avril 2021 pour le repr\u00e9senter aux obs\u00e8ques d\u2019Idriss Deby Itno pr\u00e9vues demain.<\/p>\n<p>Quelques heures apr\u00e8s son assassinat, le pr\u00e9sident camerounais a exprim\u00e9 son regret de perdre un homologue et \u00ab\u00a0fr\u00e8re\u00a0\u00bb.\u00a0 Dans un message de condol\u00e9ances adress\u00e9 au peuple tchadien,\u00a0 il \u00e9crivait\u00a0 : \u00ab\u00a0<em>Je salue la m\u00e9moire de cet \u00e9minent Chef d\u2019Etat et Fr\u00e8re. La disparition du Mar\u00e9chal du Tchad, son Excellence Idriss DEBY ITNO, est une immense perte pour votre pays, l\u2019Afrique Centrale et notre continent, qu\u2019il aura servi sans rel\u00e2che, et durant de longues ann\u00e9es<\/em>\u00a0\u00bb,<\/p>\n<p>Paul Biya et Idriss Deby Itno entretenaient de bonnes relations sur le plan personnelles et diplomatiques. L\u2019un des faits saillants de ces derni\u00e8res ann\u00e9es \u00a0est la mise en commun des moyens militaires pour lutter contre le terrorisme dans la r\u00e9gion de l\u2019Extr\u00eame-Nord du Cameroun.<\/p>\n<\/div>\n<p>Auteur: Christian DJIMADEU<br \/>\n<a href=\"https:\/\/www.journalducameroun.com\/cameroun-obseques-didriss-deby-joseph-beti-assomo-va-representer-paul-biya-cameroun\/\">Cliquez ici pour lire l&rsquo;article depuis sa source.<\/a><\/p>\n","protected":false},"excerpt":{"rendered":"<p>Publi\u00e9 le 22.04.2021 \u00e0 17h44 par Journal du Cameroun Le ministre d\u00e9l\u00e9gu\u00e9 charg\u00e9 de la D\u00e9fense conduit une mission au Tchad pour repr\u00e9senter chef de l\u2019Etat aux obs\u00e8ques du pr\u00e9sident tchadien assassin\u00e9. La mission chapeaut\u00e9e par Joseph Beti Assomo est constitu\u00e9e d\u2019officiers sup\u00e9rieurs de l\u2019arm\u00e9e camerounaise. C\u2019est elle que le pr\u00e9sident Paul Biya a d\u00e9p\u00each\u00e9 [&hellip;]<\/p>\n","protected":false},"author":1965,"featured_media":0,"comment_status":"closed","ping_status":"closed","sticky":false,"template":"","format":"standard","meta":{"fifu_image_url":"","fifu_image_alt":"","footnotes":""},"categories":[73,82],"tags":[],"class_list":["post-115431","post","type-post","status-publish","format-standard","hentry","category-actualite","category-cameroun"],"_links":{"self":[{"href":"https:\/\/linitiative.ca\/International\/wp-json\/wp\/v2\/posts\/115431","targetHints":{"allow":["GET"]}}],"collection":[{"href":"https:\/\/linitiative.ca\/International\/wp-json\/wp\/v2\/posts"}],"about":[{"href":"https:\/\/linitiative.ca\/International\/wp-json\/wp\/v2\/types\/post"}],"author":[{"embeddable":true,"href":"https:\/\/linitiative.ca\/International\/wp-json\/wp\/v2\/users\/1965"}],"replies":[{"embeddable":true,"href":"https:\/\/linitiative.ca\/International\/wp-json\/wp\/v2\/comments?post=115431"}],"version-history":[{"count":0,"href":"https:\/\/linitiative.ca\/International\/wp-json\/wp\/v2\/posts\/115431\/revisions"}],"wp:attachment":[{"href":"https:\/\/linitiative.ca\/International\/wp-json\/wp\/v2\/media?parent=115431"}],"wp:term":[{"taxonomy":"category","embeddable":true,"href":"https:\/\/linitiative.ca\/International\/wp-json\/wp\/v2\/categories?post=115431"},{"taxonomy":"post_tag","embeddable":true,"href":"https:\/\/linitiative.ca\/International\/wp-json\/wp\/v2\/tags?post=115431"}],"curies":[{"name":"wp","href":"https:\/\/api.w.org\/{rel}","templated":true}]}}