{"id":115432,"date":"2021-04-22T13:18:02","date_gmt":"2021-04-22T17:18:02","guid":{"rendered":"https:\/\/linitiative.ca\/International\/le-bilan-de-laccident-dabobo-ndotre-salourdit-a-10-morts\/"},"modified":"2021-04-22T13:18:02","modified_gmt":"2021-04-22T17:18:02","slug":"le-bilan-de-laccident-dabobo-ndotre-salourdit-a-10-morts","status":"publish","type":"post","link":"https:\/\/linitiative.ca\/International\/le-bilan-de-laccident-dabobo-ndotre-salourdit-a-10-morts\/","title":{"rendered":"Le bilan de l\u2019accident d\u2019Abobo N\u2019dotr\u00e9 s\u2019alourdit \u00e0 10 morts"},"content":{"rendered":"<div readability=\"32\">\n<p>Publi\u00e9 le 22.04.2021 \u00e0 18h18 par APA News<\/p>\n<\/div>\n<div readability=\"52\">\n<p>Le bilan de l\u2019accident de la circulation survenu jeudi au carrefour Bandji de N\u2019Dotr\u00e9, au nord d\u2019Abidjan impliquant un camion remorque, un mini-car et un taxi, s\u2019est alourdit en passant de sept \u00e0 dix morts au terme des op\u00e9rations de secours.<\/p>\n<p>Ce nouveau bilan est dress\u00e9 par le Groupement des sapeurs-pompiers militaires) GSPM) dans une note d\u2019information.\u00a0<\/p>\n<p>\u00ab Apr\u00e8s les op\u00e9rations de d\u00e9sincarc\u00e9ration, le bilan d\u00e9finitif est de 22 victimes dont 12 bless\u00e9s graves de divers traumatismes et 10 d\u00e9c\u00e8s certains mis \u00e0 la disposition des pompes fun\u00e8bres \u00bb, ont soulign\u00e9 les pompiers.\u00a0<\/p>\n<p>A en croire le gouvernement ivoirien, la surcharge, l\u2019\u00e9tat des routes et l\u2019imprudence des conducteurs sont g\u00e9n\u00e9ralement \u00e0 l\u2019origine de 94% des accidents de la route qui surviennent en C\u00f4te d\u2019Ivoire.<\/p>\n<\/div>\n<p>Auteur: APA News<br \/>\n<a href=\"https:\/\/www.journalducameroun.com\/le-bilan-de-laccident-dabobo-ndotre-salourdit-a-10-morts\/\">Cliquez ici pour lire l&rsquo;article depuis sa source.<\/a><\/p>\n","protected":false},"excerpt":{"rendered":"<p>Publi\u00e9 le 22.04.2021 \u00e0 18h18 par APA News Le bilan de l\u2019accident de la circulation survenu jeudi au carrefour Bandji de N\u2019Dotr\u00e9, au nord d\u2019Abidjan impliquant un camion remorque, un mini-car et un taxi, s\u2019est alourdit en passant de sept \u00e0 dix morts au terme des op\u00e9rations de secours. Ce nouveau bilan est dress\u00e9 par [&hellip;]<\/p>\n","protected":false},"author":1965,"featured_media":0,"comment_status":"closed","ping_status":"closed","sticky":false,"template":"","format":"standard","meta":{"fifu_image_url":"","fifu_image_alt":"","footnotes":""},"categories":[73,82],"tags":[],"class_list":["post-115432","post","type-post","status-publish","format-standard","hentry","category-actualite","category-cameroun"],"_links":{"self":[{"href":"https:\/\/linitiative.ca\/International\/wp-json\/wp\/v2\/posts\/115432","targetHints":{"allow":["GET"]}}],"collection":[{"href":"https:\/\/linitiative.ca\/International\/wp-json\/wp\/v2\/posts"}],"about":[{"href":"https:\/\/linitiative.ca\/International\/wp-json\/wp\/v2\/types\/post"}],"author":[{"embeddable":true,"href":"https:\/\/linitiative.ca\/International\/wp-json\/wp\/v2\/users\/1965"}],"replies":[{"embeddable":true,"href":"https:\/\/linitiative.ca\/International\/wp-json\/wp\/v2\/comments?post=115432"}],"version-history":[{"count":0,"href":"https:\/\/linitiative.ca\/International\/wp-json\/wp\/v2\/posts\/115432\/revisions"}],"wp:attachment":[{"href":"https:\/\/linitiative.ca\/International\/wp-json\/wp\/v2\/media?parent=115432"}],"wp:term":[{"taxonomy":"category","embeddable":true,"href":"https:\/\/linitiative.ca\/International\/wp-json\/wp\/v2\/categories?post=115432"},{"taxonomy":"post_tag","embeddable":true,"href":"https:\/\/linitiative.ca\/International\/wp-json\/wp\/v2\/tags?post=115432"}],"curies":[{"name":"wp","href":"https:\/\/api.w.org\/{rel}","templated":true}]}}