{"id":115433,"date":"2021-04-22T13:18:02","date_gmt":"2021-04-22T17:18:02","guid":{"rendered":"https:\/\/linitiative.ca\/International\/onu-un-senegalais-reelu-rapporteur-du-centre-de-le-business\/"},"modified":"2021-04-22T13:18:02","modified_gmt":"2021-04-22T17:18:02","slug":"onu-un-senegalais-reelu-rapporteur-du-centre-de-le-business","status":"publish","type":"post","link":"https:\/\/linitiative.ca\/International\/onu-un-senegalais-reelu-rapporteur-du-centre-de-le-business\/","title":{"rendered":"Onu: un S\u00e9n\u00e9galais r\u00e9\u00e9lu rapporteur du Centre de l\u2019e-business"},"content":{"rendered":"<div readability=\"32\">\n<p>Publi\u00e9 le 22.04.2021 \u00e0 18h18 par APA News<\/p>\n<\/div>\n<div readability=\"49\">\n<p>Mor Talla Diop a rempil\u00e9 au poste de Rapporteur du Centre des Nations unies pour l\u2019e-business (CEFACT, sigle anglais) pour l\u2019Afrique subsaharienne.Directeur ex\u00e9cutif s\u00e9nior de Ga\u00efnd\u00e9 2000 charg\u00e9 du Business D\u00e9veloppement et des Affaires internationales, M. Diop occupait ce poste depuis avril 2019. Il a \u00e9t\u00e9 r\u00e9\u00e9lu pour deux ans (2021-2023) lors de la 27\u00e8me Session du CEFACT tenu le 19 Avril 2021 \u00e0 Gen\u00e8ve (Suisse).<\/p>\n<p>En tant que Rapporteur, Mor Talla Diop est charg\u00e9 du suivi de la mise en \u0153uvre des recommandations du CEFACT au niveau de la r\u00e9gion, explique un communiqu\u00e9 de Ga\u00efnd\u00e9 2000, un entreprise s\u00e9n\u00e9galaise sp\u00e9cialis\u00e9e dans la facilitation du commerce.<\/p>\n<p>Le Centre des Nations unies pour l\u2019e-business d\u00e9finit les normes et standards sur les \u00e9changes \u00e9lectroniques, mais il produit \u00e9galement des recommandations dans le cadre de la facilitation du commerce.<\/p>\n<\/div>\n<p>Auteur: APA News<br \/>\n<a href=\"https:\/\/www.journalducameroun.com\/onu-un-senegalais-reelu-rapporteur-du-centre-de-le-business\/\">Cliquez ici pour lire l&rsquo;article depuis sa source.<\/a><\/p>\n","protected":false},"excerpt":{"rendered":"<p>Publi\u00e9 le 22.04.2021 \u00e0 18h18 par APA News Mor Talla Diop a rempil\u00e9 au poste de Rapporteur du Centre des Nations unies pour l\u2019e-business (CEFACT, sigle anglais) pour l\u2019Afrique subsaharienne.Directeur ex\u00e9cutif s\u00e9nior de Ga\u00efnd\u00e9 2000 charg\u00e9 du Business D\u00e9veloppement et des Affaires internationales, M. Diop occupait ce poste depuis avril 2019. Il a \u00e9t\u00e9 r\u00e9\u00e9lu [&hellip;]<\/p>\n","protected":false},"author":1965,"featured_media":0,"comment_status":"closed","ping_status":"closed","sticky":false,"template":"","format":"standard","meta":{"fifu_image_url":"","fifu_image_alt":"","footnotes":""},"categories":[73,82],"tags":[],"class_list":["post-115433","post","type-post","status-publish","format-standard","hentry","category-actualite","category-cameroun"],"_links":{"self":[{"href":"https:\/\/linitiative.ca\/International\/wp-json\/wp\/v2\/posts\/115433","targetHints":{"allow":["GET"]}}],"collection":[{"href":"https:\/\/linitiative.ca\/International\/wp-json\/wp\/v2\/posts"}],"about":[{"href":"https:\/\/linitiative.ca\/International\/wp-json\/wp\/v2\/types\/post"}],"author":[{"embeddable":true,"href":"https:\/\/linitiative.ca\/International\/wp-json\/wp\/v2\/users\/1965"}],"replies":[{"embeddable":true,"href":"https:\/\/linitiative.ca\/International\/wp-json\/wp\/v2\/comments?post=115433"}],"version-history":[{"count":0,"href":"https:\/\/linitiative.ca\/International\/wp-json\/wp\/v2\/posts\/115433\/revisions"}],"wp:attachment":[{"href":"https:\/\/linitiative.ca\/International\/wp-json\/wp\/v2\/media?parent=115433"}],"wp:term":[{"taxonomy":"category","embeddable":true,"href":"https:\/\/linitiative.ca\/International\/wp-json\/wp\/v2\/categories?post=115433"},{"taxonomy":"post_tag","embeddable":true,"href":"https:\/\/linitiative.ca\/International\/wp-json\/wp\/v2\/tags?post=115433"}],"curies":[{"name":"wp","href":"https:\/\/api.w.org\/{rel}","templated":true}]}}