{"id":115436,"date":"2021-04-22T11:23:09","date_gmt":"2021-04-22T15:23:09","guid":{"rendered":"https:\/\/linitiative.ca\/International\/les-festivites-du-1er-mai-sont-annulees-pour-cause-de-coronavirus\/"},"modified":"2021-04-22T11:23:09","modified_gmt":"2021-04-22T15:23:09","slug":"les-festivites-du-1er-mai-sont-annulees-pour-cause-de-coronavirus","status":"publish","type":"post","link":"https:\/\/linitiative.ca\/International\/les-festivites-du-1er-mai-sont-annulees-pour-cause-de-coronavirus\/","title":{"rendered":"Les festivit\u00e9s du 1er mai sont annul\u00e9es pour cause de coronavirus"},"content":{"rendered":"<p>Une autre c\u00e9l\u00e9bration vient d\u2019\u00eatre annul\u00e9e pour cause de covid-19. \u00a0Plac\u00e9e sous le th\u00e8me\u00a0\u00abMonde du travail et pand\u00e9mie du covid-19\u00a0: Garantir la sant\u00e9 des travailleurs, d\u00e9fi majeur dans la pr\u00e9servation des acquis en entreprises\u00a0\u00bb, la 135eme \u00e9dition de la f\u00eate internationale du travail au Cameroun, se c\u00e9l\u00e9bra dans un contexte in\u00e9dit, celui de la \u00a0covid-19. A cet effet, la traditionnelle grande marche des travailleurs n\u2019aura pas lieu, tout comme celle de l\u2019ann\u00e9e derni\u00e8re.<\/p>\n<p><strong>Lire aussi<\/strong> : <strong><a href=\"https:\/\/ecomatin.net\/500-000-emplois-des-chiffres-interrogateurs-alors-que-le-sous-emploi-gagne-du-terrain\/\">500 000 emplois: des chiffres interrogateurs alors que le sous-emploi gagne du terrain<\/a><\/strong><\/p>\n<p>Apres l\u2019annulation des festivit\u00e9s du 11 f\u00e9vrier suivies \u00a0de celles du 8 mars, les signaux pr\u00e9sageaient d\u00e9j\u00e0 une possible annulation de cette f\u00eate d\u00e9di\u00e9e aux travailleurs. \u00ab\u00a0Compte tenu du contexte sanitaire actuel et de la r\u00e9alit\u00e9 de la pand\u00e9mie du covid-19, la traditionnelle Grande Marche des travailleurs le 1er mai, ne pourra pas avoir lieu\u00a0\u00bb, note le communiqu\u00e9 du ministre du Travail et de la S\u00e9curit\u00e9 Sociale. Toutefois les diff\u00e9rents travailleurs sur l\u2019\u00e9tendue du triangle nationale sont encourag\u00e9s a observ\u00e9 des activit\u00e9s parall\u00e8le dans le respect des mesure barri\u00e8res. \u00ab\u00a0Les acteurs du monde du travail sont invit\u00e9s \u00e0 organiser, conforment aux mesures restrictives \u00e9dict\u00e9es par les pouvoirs publics, des activit\u00e9s de sensibilisation et d\u2019\u00e9changes notamment par le biais des moyens modernes de communications, ainsi que toutes manifestations en liaison avec le th\u00e8me officiel r\u00e9unissant moins de cinquante personnes dans le respect de toutes les mesures barri\u00e8re\u00bb, rench\u00e9rit le communiqu\u00e9 du ministre.<\/p>\n<p><strong>Lire aussi<\/strong> : <strong><a href=\"https:\/\/ecomatin.net\/cameroun-270-000-emplois-perdus-en-2020-a-cause-de-la-covid-19\/\">Cameroun : 270 000 emplois perdus en 2020 \u00e0 cause de la Covid-19<\/a><\/strong><\/p>\n<p>Le m\u00eame communiqu\u00e9 poursuit en disant que \u00able ministre du Travail et de la S\u00e9curit\u00e9 Sociale\u00a0dans le souci de poursuivre la promotion de la justice sociale et du travail d\u00e9cent qui constituent des composantes majeures du progr\u00e8s social pr\u00f4n\u00e9 par le Pr\u00e9sident de la R\u00e9publique son Excellence Paul BIYA, \u00e9changera \u00a0avec les travailleurs le 1er Mai 2021 au cours d\u2019un \u00ab\u00a0Direct LiveChat\u00a0\u00bb organis\u00e9 avec la CRTV et relay\u00e9 par les m\u00e9dias nationaux\u00a0\u00bb, peut-on lire.<\/p>\n<p>La question de l\u2019emploi reste une probl\u00e9matique importante dans l\u2019agenda des pouvoirs publics. Plusieurs politiques sont mises en place pour la r\u00e9duction du ch\u00f4mage, notamment celui des jeunes qui \u00a0r\u00e9v\u00e8le une \u00a0disparit\u00e9 en zones rurales et urbaines. \u00a0Selon le Plan d\u2019action national pour l\u2019emploi des jeunes 2016-2020, du minist\u00e8re de l\u2019Emploi et de la Formation Professionnelle \u00ab\u00a0le taux de ch\u00f4mage des jeunes est plus \u00e9lev\u00e9 en milieu urbain (15,5%) qu\u2019en milieu rural (4,3%). Il est de 8,5% chez les jeunes de sexe masculin et de 23,5% chez les jeunes de sexe f\u00e9minin\u00bb.<\/p>\n<p><strong>Lire aussi<\/strong> : <strong><a href=\"https:\/\/ecomatin.net\/les-festivites-du-11-fevrier-2021-annulees-pour-cause-de-covid-19\/\">Les festivit\u00e9s du 11 f\u00e9vrier 2021 annul\u00e9es pour cause de Covid-19<\/a><\/strong><\/p>\n<p>Auteur: Amina MALLOUM<br \/>\n<a href=\"https:\/\/ecomatin.net\/les-festivites-du-1er-mai-sont-annulees-pour-cause-de-coronavirus\/\">Cliquez ici pour lire l&rsquo;article depuis sa source.<\/a><\/p>\n","protected":false},"excerpt":{"rendered":"<p>Une autre c\u00e9l\u00e9bration vient d\u2019\u00eatre annul\u00e9e pour cause de covid-19. \u00a0Plac\u00e9e sous le th\u00e8me\u00a0\u00abMonde du travail et pand\u00e9mie du covid-19\u00a0: Garantir la sant\u00e9 des travailleurs, d\u00e9fi majeur dans la pr\u00e9servation des acquis en entreprises\u00a0\u00bb, la 135eme \u00e9dition de la f\u00eate internationale du travail au Cameroun, se c\u00e9l\u00e9bra dans un contexte in\u00e9dit, celui de la \u00a0covid-19. [&hellip;]<\/p>\n","protected":false},"author":1969,"featured_media":0,"comment_status":"closed","ping_status":"closed","sticky":false,"template":"","format":"standard","meta":{"fifu_image_url":"","fifu_image_alt":"","footnotes":""},"categories":[82,78],"tags":[],"class_list":["post-115436","post","type-post","status-publish","format-standard","hentry","category-cameroun","category-economie"],"_links":{"self":[{"href":"https:\/\/linitiative.ca\/International\/wp-json\/wp\/v2\/posts\/115436","targetHints":{"allow":["GET"]}}],"collection":[{"href":"https:\/\/linitiative.ca\/International\/wp-json\/wp\/v2\/posts"}],"about":[{"href":"https:\/\/linitiative.ca\/International\/wp-json\/wp\/v2\/types\/post"}],"author":[{"embeddable":true,"href":"https:\/\/linitiative.ca\/International\/wp-json\/wp\/v2\/users\/1969"}],"replies":[{"embeddable":true,"href":"https:\/\/linitiative.ca\/International\/wp-json\/wp\/v2\/comments?post=115436"}],"version-history":[{"count":0,"href":"https:\/\/linitiative.ca\/International\/wp-json\/wp\/v2\/posts\/115436\/revisions"}],"wp:attachment":[{"href":"https:\/\/linitiative.ca\/International\/wp-json\/wp\/v2\/media?parent=115436"}],"wp:term":[{"taxonomy":"category","embeddable":true,"href":"https:\/\/linitiative.ca\/International\/wp-json\/wp\/v2\/categories?post=115436"},{"taxonomy":"post_tag","embeddable":true,"href":"https:\/\/linitiative.ca\/International\/wp-json\/wp\/v2\/tags?post=115436"}],"curies":[{"name":"wp","href":"https:\/\/api.w.org\/{rel}","templated":true}]}}