{"id":115444,"date":"2021-04-23T11:30:35","date_gmt":"2021-04-23T15:30:35","guid":{"rendered":"https:\/\/linitiative.ca\/International\/mohamed-alamouri-la-couverture-sociale-va-contribuer-a-rendre-le-metier-dagriculteur-mieux-valorise\/"},"modified":"2021-04-23T11:30:35","modified_gmt":"2021-04-23T15:30:35","slug":"mohamed-alamouri-la-couverture-sociale-va-contribuer-a-rendre-le-metier-dagriculteur-mieux-valorise","status":"publish","type":"post","link":"https:\/\/linitiative.ca\/International\/mohamed-alamouri-la-couverture-sociale-va-contribuer-a-rendre-le-metier-dagriculteur-mieux-valorise\/","title":{"rendered":"Mohamed Alamouri : \u00abLa couverture sociale va contribuer \u00e0 rendre  le m\u00e9tier d\u2019agriculteur mieux valoris\u00e9\u00bb"},"content":{"rendered":"<figure class=\"post-thumbnail\" itemprop=\"associatedMedia\" itemscope=\"itemscope\" itemtype=\"http:\/\/schema.org\/ImageObject\"><img decoding=\"async\" class=\"post_layout_5_img\" src=\"http:\/\/aujourdhui.ma\/wp-content\/uploads\/2021\/04\/Mohamed-Alamouri.jpg\" alt=\"Mohamed Alamouri : \u00abLa couverture sociale va contribuer \u00e0 rendre le m\u00e9tier d\u2019agriculteur mieux valoris\u00e9\u00bb\"\/><\/figure>\n<p><span class=\"c7\"><strong>Entretien avec Mohamed Alamouri, pr\u00e9sident de la Comader<\/strong><\/span><span id=\"more-374600\"\/><\/p>\n<p><span class=\"c8\"><strong>La strat\u00e9gie G\u00e9n\u00e9ration Green place l\u2019\u00e9l\u00e9ment humain au c\u0153ur de ses priorit\u00e9s. Cette nouvelle vision co\u00efncide avec le lancement d\u2019un vaste chantier de protection sociale initi\u00e9 par le Souverain. La combinaison de ces deux visions acc\u00e9l\u00e9rera l\u2019\u00e9mergence de la classe moyenne rurale.<\/strong><\/span><br \/><span class=\"c8\"><strong>Maillon fort de l\u2019agriculture et du d\u00e9veloppement rural, la Comader jouera un r\u00f4le d\u00e9terminant dans la nouvelle transformation du secteur. A cet effet, Mohamed Alamouri, pr\u00e9sident de la Conf\u00e9d\u00e9ration, d\u00e9voile dans cet entretien sa vision autour de la mise en place d\u2019un mod\u00e8le de protection sociale dans le monde rural ainsi que des engagements de la Comader dans le cadre de la nouvelle d\u00e9clinaison de la strat\u00e9gie agricole<\/strong><\/span><\/p>\n<p><strong><span class=\"c8\">ALM<\/span> : La Comader a \u00e9t\u00e9 parmi les parties signataires du grand pacte pour la protection sociale. Quelles seront les retomb\u00e9es de ce chantier sur la population rurale ?<\/strong><\/p>\n<p><span class=\"c8\"><strong>Mohamed Alamouri<\/strong><\/span> : Comme vous le savez, le monde rural conna\u00eet un d\u00e9ficit chronique en services de base et en particulier ceux li\u00e9s \u00e0 la sant\u00e9. Nous esp\u00e9rons que l\u2019av\u00e8nement de la couverture sociale des agriculteurs va combler ce d\u00e9ficit et par cons\u00e9quent r\u00e9duire le gap qui existe entre les villes et le monde rural. De m\u00eame, cette couverture sociale va contribuer \u00e0 rendre le m\u00e9tier d\u2019agriculteur mieux valoris\u00e9 d\u2019une part et \u00e0 am\u00e9liorer le niveau de vie dans la campagne marocaine d\u2019autre part. Ce qui va contribuer, et d\u2019une mani\u00e8re substantielle, \u00e0 la r\u00e9duction de l\u2019exode rural. En am\u00e9liorant le cadre de vie dans le monde rural, cela encouragera les jeunes \u00e0 s\u2019approprier le m\u00e9tier d\u2019agriculteur et ainsi assurer la rel\u00e8ve dans un secteur o\u00f9 l\u2019\u00e2ge moyen des agriculteurs avoisine les 65 ans.<\/p>\n<p><strong>La nouvelle strat\u00e9gie agricole place l\u2019\u00e9l\u00e9ment humain au c\u0153ur des priorit\u00e9s. En quoi s\u2019engage la Comader dans ce sens ?<\/strong><\/p>\n<p>La Comader a jou\u00e9 pleinement son r\u00f4le dans le cadre du Plan Maroc Vert, en participant \u00e0 la cr\u00e9ation de plusieurs interprofessions agricoles, ainsi qu\u2019\u00e0 leur renforcement et leur reconnaissance selon la loi 03-12. Ainsi elle compte faire de m\u00eame dans le cadre de la nouvelle strat\u00e9gie G\u00e9n\u00e9ration Green 2020-2030. Cette strat\u00e9gie place l\u2019\u00e9l\u00e9ment humain au c\u0153ur des priorit\u00e9s.<br \/>Aussi, la Comader participera activement au volet relatif \u00e0 l\u2019entrepreneuriat des jeunes. Et c\u2019est dans ce sens que nous avons sign\u00e9 une convention de partenariat tripartite Comader-minist\u00e8re de l\u2019agriculture-Cr\u00e9dit Agricole du Maroc. De m\u00eame, la Comader compte \u00e0 travers ses antennes r\u00e9gionales mener des campagnes de sensibilisation sur l\u2019int\u00e9r\u00eat d\u2019adh\u00e9rer \u00e0 des organisations professionnelles nouvelle g\u00e9n\u00e9ration et sur celui d\u2019int\u00e9grer les nouvelles technologies tout au long de la cha\u00eene de valeur de chaque interprofession. Enfin, la Comader donne dans toutes ses actions une place de choix aux petits exploitants, aux femmes rurales et aux jeunes.<\/p>\n<p><strong>En tant qu\u2019acteur phare du secteur, et au vu de la conjoncture actuelle, comment voyez-vous l\u2019avenir de l\u2019agriculture marocaine ?<\/strong><\/p>\n<p>Avant d\u2019aborder la question de l\u2019avenir de l\u2019agriculture au Maroc, il faut rappeler que malgr\u00e9 les nombreux r\u00e9sultats positifs et acquis du Plan Maroc Vert, l\u2019agriculture marocaine fait face \u00e0 des d\u00e9fis majeurs tels que le stress hydrique, l\u2019\u00e9rosion des sols et le changement climatique. C\u2019est en apportant des solutions ad\u00e9quates \u00e0 ces probl\u00e9matiques que nous pourrons envisager un avenir meilleur pour l\u2019agriculture marocaine. L\u2019optimisation des ressources hydriques devient indispensable tant par l\u2019irrigation localis\u00e9e que par le choix de cultures moins consommatrices d\u2019eau et \u00e0 plus haute valeur ajout\u00e9e. L\u2019agriculture marocaine ne peut aussi se passer de l\u2019int\u00e9gration intelligente des nouvelles technologies tout au long des cha\u00eenes de valeurs, ce qui suppose un nouveau profil d\u2019agriculteurs plus jeunes et plus instruits.<\/p>\n<p><strong>Le Plan Maroc Vert a marqu\u00e9 un tournant dans l\u2019histoire de l\u2019agriculture nationale. Quels sont les principaux enseignements tir\u00e9s de cette exp\u00e9rience ? Et comment la Comader pr\u00e9pare-t-elle ce nouveau cap ?<\/strong><\/p>\n<p>Parmi les principaux acquis du Plan Maroc Vert, nous pouvons citer l\u2019augmentation substantielle des superficies cultiv\u00e9es par type de culture, des productions et des rendements. Toutefois, persistent les probl\u00e8mes et les contraintes li\u00e9s \u00e0 la commercialisation des produits agricoles qui ne permettent pas \u00e0 l\u2019agriculteur de tirer pleinement profit de son labeur.<br \/>L\u2019autre enseignement est que, malgr\u00e9 tous les efforts d\u00e9ploy\u00e9s, la performance de l\u2019agriculture marocaine reste tributaire de la pluviom\u00e9trie. Et l\u2019un des d\u00e9fis majeurs est comment rendre cette agriculture r\u00e9siliente face au changement climatique. De m\u00eame, si les acquis du PMV ont permis d\u2019am\u00e9liorer les revenus des agriculteurs, le gap entre les conditions de vie en milieu rural et celle en milieu urbain reste important. Aussi la Comader compte s\u2019engager pleinement dans la nouvelle strat\u00e9gie G\u00e9n\u00e9ration green 2020-2030 qui tend \u00e0 apporter des solutions ad\u00e9quates \u00e0 toutes ces probl\u00e9matiques.<\/p>\n<p><strong>Comment se d\u00e9cline votre plan d\u2019action \u00e0 court et \u00e0 moyen termes ?<\/strong><\/p>\n<p>Dans le cadre de la d\u00e9clinaison de la strat\u00e9gie G\u00e9n\u00e9ration Green 2020-2030, la Comader, en concertation avec les interprofessions membres, a \u00e9labor\u00e9 un plan d\u2019action qui englobe plusieurs feuilles de route. Citons dans ce sens la sensibilisation des agriculteurs \u00e0 l\u2019int\u00e9r\u00eat de la couverture sociale pour tout le secteur agricole marocain et la r\u00e9vision de la fiscalit\u00e9 des interprofessions agricoles.<br \/>A cela s\u2019ajoutent l\u2019am\u00e9lioration de la qualit\u00e9 des produits agricoles, la normalisation et la s\u00e9curit\u00e9 sanitaire, la transformation digitale dans le secteur agricole, l\u2019optimisation des ressources en eau et le d\u00e9veloppement de l\u2019irrigation, l\u2019am\u00e9lioration des conditions de commercialisation des produits agricoles et l\u2019autonomisation manag\u00e9riale et financi\u00e8re des interprofessions agricoles.<\/p>\n<p>Auteur: Kawtar Tali<br \/>\n<a href=\"https:\/\/aujourdhui.ma\/economie\/mohamed-alamouri-la-couverture-sociale-va-contribuer-a-rendre-le-metier-dagriculteur-mieux-valorise\">Cliquez ici pour lire l&rsquo;article depuis sa source.<\/a><\/p>\n","protected":false},"excerpt":{"rendered":"<p>Entretien avec Mohamed Alamouri, pr\u00e9sident de la Comader La strat\u00e9gie G\u00e9n\u00e9ration Green place l\u2019\u00e9l\u00e9ment humain au c\u0153ur de ses priorit\u00e9s. Cette nouvelle vision co\u00efncide avec le lancement d\u2019un vaste chantier de protection sociale initi\u00e9 par le Souverain. La combinaison de ces deux visions acc\u00e9l\u00e9rera l\u2019\u00e9mergence de la classe moyenne rurale.Maillon fort de l\u2019agriculture et du [&hellip;]<\/p>\n","protected":false},"author":1759,"featured_media":0,"comment_status":"closed","ping_status":"closed","sticky":false,"template":"","format":"standard","meta":{"fifu_image_url":"http:\/\/aujourdhui.ma\/wp-content\/uploads\/2021\/04\/Mohamed-Alamouri.jpg","fifu_image_alt":"Mohamed Alamouri : \u00abLa couverture sociale va contribuer \u00e0 rendre  le m\u00e9tier d\u2019agriculteur mieux valoris\u00e9\u00bb","footnotes":""},"categories":[73,54],"tags":[],"class_list":["post-115444","post","type-post","status-publish","format-standard","hentry","category-actualite","category-maroc"],"_links":{"self":[{"href":"https:\/\/linitiative.ca\/International\/wp-json\/wp\/v2\/posts\/115444","targetHints":{"allow":["GET"]}}],"collection":[{"href":"https:\/\/linitiative.ca\/International\/wp-json\/wp\/v2\/posts"}],"about":[{"href":"https:\/\/linitiative.ca\/International\/wp-json\/wp\/v2\/types\/post"}],"author":[{"embeddable":true,"href":"https:\/\/linitiative.ca\/International\/wp-json\/wp\/v2\/users\/1759"}],"replies":[{"embeddable":true,"href":"https:\/\/linitiative.ca\/International\/wp-json\/wp\/v2\/comments?post=115444"}],"version-history":[{"count":0,"href":"https:\/\/linitiative.ca\/International\/wp-json\/wp\/v2\/posts\/115444\/revisions"}],"wp:attachment":[{"href":"https:\/\/linitiative.ca\/International\/wp-json\/wp\/v2\/media?parent=115444"}],"wp:term":[{"taxonomy":"category","embeddable":true,"href":"https:\/\/linitiative.ca\/International\/wp-json\/wp\/v2\/categories?post=115444"},{"taxonomy":"post_tag","embeddable":true,"href":"https:\/\/linitiative.ca\/International\/wp-json\/wp\/v2\/tags?post=115444"}],"curies":[{"name":"wp","href":"https:\/\/api.w.org\/{rel}","templated":true}]}}