{"id":115445,"date":"2021-04-22T14:00:49","date_gmt":"2021-04-22T18:00:49","guid":{"rendered":"https:\/\/linitiative.ca\/International\/18e-fcat-regard-sur-la-revolution-filmique-des-cinemas-du-continent-africain\/"},"modified":"2021-04-22T14:00:49","modified_gmt":"2021-04-22T18:00:49","slug":"18e-fcat-regard-sur-la-revolution-filmique-des-cinemas-du-continent-africain","status":"publish","type":"post","link":"https:\/\/linitiative.ca\/International\/18e-fcat-regard-sur-la-revolution-filmique-des-cinemas-du-continent-africain\/","title":{"rendered":"18e FCAT : regard sur la r\u00e9volution filmique des cin\u00e9mas du continent africain"},"content":{"rendered":"<p><strong>Une femme v\u00eatue en blanc, suspendue dans l\u2019air, sur fond bleu. C\u2019est l\u2019image qui accueille de son affiche la 18 \u00e9dition du Festival de Cin\u00e9ma Africain de Tarifa-Tanger (FCAT), qui se c\u00e9l\u00e9brera du 28 mai au 6 juin de mani\u00e8re hybride, pr\u00e9sentielle \u00e0 Tarifa, avec Espacio Escuela (rame p\u00e9dagogique du FCAT) de Maroc et d\u2019Espagne, en plus de plusieurs \u00e9v\u00e9nements virtuels. La photographie est \u0153uvre de l\u2019artiste Omar Victor Diop, r\u00e9f\u00e9rence internationale de son pays par sa mani\u00e8re de capter la diversit\u00e9 des soci\u00e9t\u00e9s et styles de vie africains modernes. L\u2019image, \u00ab un portrait mis en sc\u00e8ne \u00bb, selon son auteur, fait partie de la s\u00e9rie \u00abBird stories\u00bb.<\/strong><\/p>\n<p>Diop a particip\u00e9 \u00e0 la c\u00e9r\u00e9monie de pr\u00e9sentation du 18\u00e8me FCAT ce mardi depuis Dakar, c\u00e9l\u00e9br\u00e9e au CICUS (Centre d\u2019initiatives culturelles de l\u2019Universit\u00e9 de S\u00e9ville), o\u00f9 il a dit se sentir \u00ab heureux et fier \u00bb de contribuer \u00e0 l\u2019effort du festival \u00ab d\u2019enseigner l\u2019Afrique dans toute sa diversit\u00e9, de montrer les Africains dans leur vie quotidienne : leurs r\u00eaves, leurs peines, mais aussi leur joies \u00bb, selon les mots d\u2019Omar Victor Diop.<\/p>\n<p>Selon la directrice du festival, dans l\u2019\u00e9dition des 18 ans de ce rendez-vous avec les cin\u00e9mas d\u2019Afrique, \u00ab la philosophie est celle de toujours : \u00eatre \u00e0 cheval entre deux pays, deux continents, des langues diff\u00e9rentes et entre diverses traditions culturelles, de nouveau adapt\u00e9s avec certitude \u00e0 la r\u00e9alit\u00e9 dans laquelle nous nous trouvons \u00bb.<\/p>\n<p>Pour Mane Cisneros, \u00ables profonds changements qui ont eu lieu dans les cin\u00e9mas du continent africain ont men\u00e9 ces cin\u00e9matographies dans le pass\u00e9 largement ignor\u00e9es par les festivals internationaux de cin\u00e9ma \u00e0 \u00eatre aujourd\u2019hui l\u2019objet d\u2019ambition et de comp\u00e9tition entre grands festivals \u00bb. La directrice du FCAT se r\u00e9jouit de l\u2019ouverture toujours plus grande \u00e0 ces r\u00e9alit\u00e9s qui sont \u00ab une pure r\u00e9volution filmique et qui \u00e9mergent comme une conqu\u00eate esth\u00e9tique unique dans le cin\u00e9ma contemporain\u00bb.<\/p>\n<p>La c\u00e9r\u00e9monie de pr\u00e9sentation \u00e0 S\u00e9ville du 18 FCAT s\u2019est termin\u00e9e dans le patio du CICUS avec un mini concert d\u2019Esther Weekes Jazz Flamenco Trio et son projet \u00ab Crossroads \u00bb, une compilation des chansons embl\u00e9matiques du blues pass\u00e9es par le flamenco qui franchit les limites culturelles pour explorer de nouveaux territoires artistiques. Les invit\u00e9s ont pu d\u00e9guster un bissap, une boisson nationale du S\u00e9n\u00e9gal, la patrie de l\u2019auteur de l\u2019affiche de cette ann\u00e9e, dont la recette contient de la fleur d\u2019hibiscus.<\/p>\n<p>Auteur: M&rsquo;hammed rahal<br \/>\n<a href=\"http:\/\/albayane.press.ma\/18e-fcat-regard-sur-la-revolution-filmique-des-cinemas-du-continent-africain.html\">Cliquez ici pour lire l&rsquo;article depuis sa source.<\/a><\/p>\n","protected":false},"excerpt":{"rendered":"<p>Une femme v\u00eatue en blanc, suspendue dans l\u2019air, sur fond bleu. C\u2019est l\u2019image qui accueille de son affiche la 18 \u00e9dition du Festival de Cin\u00e9ma Africain de Tarifa-Tanger (FCAT), qui se c\u00e9l\u00e9brera du 28 mai au 6 juin de mani\u00e8re hybride, pr\u00e9sentielle \u00e0 Tarifa, avec Espacio Escuela (rame p\u00e9dagogique du FCAT) de Maroc et d\u2019Espagne, [&hellip;]<\/p>\n","protected":false},"author":1760,"featured_media":0,"comment_status":"closed","ping_status":"closed","sticky":false,"template":"","format":"standard","meta":{"fifu_image_url":"","fifu_image_alt":"","footnotes":""},"categories":[73,54],"tags":[],"class_list":["post-115445","post","type-post","status-publish","format-standard","hentry","category-actualite","category-maroc"],"_links":{"self":[{"href":"https:\/\/linitiative.ca\/International\/wp-json\/wp\/v2\/posts\/115445","targetHints":{"allow":["GET"]}}],"collection":[{"href":"https:\/\/linitiative.ca\/International\/wp-json\/wp\/v2\/posts"}],"about":[{"href":"https:\/\/linitiative.ca\/International\/wp-json\/wp\/v2\/types\/post"}],"author":[{"embeddable":true,"href":"https:\/\/linitiative.ca\/International\/wp-json\/wp\/v2\/users\/1760"}],"replies":[{"embeddable":true,"href":"https:\/\/linitiative.ca\/International\/wp-json\/wp\/v2\/comments?post=115445"}],"version-history":[{"count":0,"href":"https:\/\/linitiative.ca\/International\/wp-json\/wp\/v2\/posts\/115445\/revisions"}],"wp:attachment":[{"href":"https:\/\/linitiative.ca\/International\/wp-json\/wp\/v2\/media?parent=115445"}],"wp:term":[{"taxonomy":"category","embeddable":true,"href":"https:\/\/linitiative.ca\/International\/wp-json\/wp\/v2\/categories?post=115445"},{"taxonomy":"post_tag","embeddable":true,"href":"https:\/\/linitiative.ca\/International\/wp-json\/wp\/v2\/tags?post=115445"}],"curies":[{"name":"wp","href":"https:\/\/api.w.org\/{rel}","templated":true}]}}