{"id":115446,"date":"2021-04-22T14:00:50","date_gmt":"2021-04-22T18:00:50","guid":{"rendered":"https:\/\/linitiative.ca\/International\/ecosse-la-querelle-des-independantistes\/"},"modified":"2021-04-22T14:00:50","modified_gmt":"2021-04-22T18:00:50","slug":"ecosse-la-querelle-des-independantistes","status":"publish","type":"post","link":"https:\/\/linitiative.ca\/International\/ecosse-la-querelle-des-independantistes\/","title":{"rendered":"Ecosse : La querelle des ind\u00e9pendantistes"},"content":{"rendered":"<p class=\"has-text-color has-vivid-cyan-blue-color c1\"><strong>Attendons pour voir\u2026<\/strong><\/p>\n<p class=\"c2\"><strong>Nabil EL BOUSAADI<\/strong><\/p>\n<p><strong>Ah que les rapports \u00e9taient sereins en cette \u00e9poque pendant laquelle la Premi\u00e8re ministre \u00e9cossaise, Nicola Sturgeon, vantait les m\u00e9rites de son mentor, \u00ab ami \u00bb et \u00ab coll\u00e8gue \u00bb, Alex Salmond, le Premier ministre d\u2019alors ! Nous \u00e9tions le 26 Novembre 2013 mais beaucoup d\u2019eau a coul\u00e9 sous les ponts depuis et il en va autrement aujourd\u2019hui.<\/strong><\/p>\n<p>Les \u00e9loges ayant laiss\u00e9 la place aux critiques les plus acerbes, l\u2019ancienne prot\u00e9g\u00e9e d\u2019Alex Salmond en est m\u00eame arriv\u00e9e jusqu\u2019\u00e0 d\u00e9clarer, le 28 mars dernier, que \u00ab pour sa dignit\u00e9 et le bien des autres, (ce dernier) aurait d\u00fb quitter la sc\u00e8ne \u00bb.<\/p>\n<p>Mais que s\u2019est-il pass\u00e9 entre-temps pour que l\u2019on assiste \u00e0 un tel retournement de situation ?<\/p>\n<p>Pour comprendre cette guerre fratricide, il faut retourner 3 ans en arri\u00e8re, au plus fort de la campagne \u00ab #MeToo \u00bb quand deux femmes avaient accus\u00e9 Alex Salmond de les avoir agress\u00e9es sexuellement lorsqu\u2019il \u00e9tait Premier ministre (2007-2014) et qu\u2019\u00e0 ce titre, le gouvernement de Nicola Sturgeon avait d\u00e9cid\u00e9 de lancer une enqu\u00eate interne.<\/p>\n<p>R\u00e9futant ces all\u00e9gations tout en confessant, toutefois, \u00ab ne pas \u00eatre un saint \u00bb, Alex Salmond s\u2019est dit victime d\u2019un complot orchestr\u00e9 par le Parti National Ecossais de Nicola Sturgeon dans le but de \u00ab nuire \u00bb \u00e0 sa \u00ab r\u00e9putation \u00bb, voire m\u00eame, de le \u00ab faire emprisonner \u00bb. Pour sa d\u00e9fense, il parviendra, en Janvier 2019, \u00e0 faire reconna\u00eetre, par un tribunal, le caract\u00e8re \u00ab partial \u00bb et \u00ab ill\u00e9gal \u00bb de l\u2019enqu\u00eate diligent\u00e9e en interne par le gouvernement de Nicola Sturgeon. Mais en accusant cette derni\u00e8re d\u2019avoir \u00ab bafou\u00e9 le code de conduite minist\u00e9riel \u00bb, il manque son coup lorsque celle-ci est officiellement d\u00e9douan\u00e9e de tout manquement. Aussi, pour revenir \u00e0 la charge,\u00a0 Alex Salmond va fonder son propre mouvement qu\u2019il a d\u00e9nomm\u00e9 \u00ab Alba \u00bb, qui signifie \u00ab Ecosse \u00bb en ga\u00e9lique, et gr\u00e2ce auquel il compte faire son grand retour politique au Parlement d\u2019Edimbourg, \u00e0 l\u2019issue des prochaines \u00e9lections r\u00e9gionales qui se tiendront le 6 mai prochain.\u00a0<\/p>\n<p>Aux dires de ses partisans, \u00ab Alba \u00bb voudrait aller plus vite vers l\u2019ind\u00e9pendance de l\u2019Ecosse que le SNP dont la strat\u00e9gie est trop prudente et envisagerait m\u00eame de ne point demander \u00e0 Londres la permission de lancer une proc\u00e9dure d\u2019ind\u00e9pendance. Est-ce judicieux ? L\u2019Histoire nous le dira.<\/p>\n<p>Nicola Sturgeon a donc toutes les raisons de craindre que cette nouvelle formation politique ind\u00e9pendantiste ne vienne concurrencer son parti, le SNP, m\u00eame si les sondages lui attribuent la premi\u00e8re place car il est clair qu\u2019elle aura, d\u00e9sormais, bien du mal \u00e0 obtenir cette majorit\u00e9 absolue qu\u2019elle appelle de tous ses v\u0153ux pour pouvoir exiger du chef du gouvernement britannique, Boris Johnson, un r\u00e9f\u00e9rendum sur l\u2019avenir de l\u2019Ecosse.<\/p>\n<p>Pour rappel, en 2014, ce fut la tr\u00e8s nette victoire du SNP qui avait convaincu David Cameron, le chef du gouvernement britannique de l\u2019\u00e9poque, d\u2019autoriser le r\u00e9f\u00e9rendum au terme duquel 55% des \u00e9cossais avaient r\u00e9pondu \u00ab Non \u00bb \u00e0 la question \u00ab L\u2019Ecosse devrait-elle \u00eatre un pays ind\u00e9pendant ? \u00bb.<\/p>\n<p>Sept ans plus tard, la donne a chang\u00e9 car, avec le Brexit, les Ecossais ont quitt\u00e9 le \u00ab Navire Europe \u00bb contre leur gr\u00e9. Or, bien que la plupart des sondages attribuent, d\u00e9sormais, une victoire incontest\u00e9e au \u00ab Oui \u00e0 l\u2019ind\u00e9pendance de l\u2019Ecosse ! \u00bb, un tel r\u00e9sultat reste, n\u00e9anmoins,\u00a0 subordonn\u00e9 \u00e0 la condition que les ind\u00e9pendantistes parlent d\u2019une m\u00eame voix. Le feront-ils ? Alex Salmond va-t-il, au nom des int\u00e9r\u00eats sup\u00e9rieurs de la Patrie, calmer son ardeur et \u00ab suivre \u00bb son ancienne prot\u00e9g\u00e9e ou bomber le torse, jouer sa partition en \u00ab solo \u00bb et compromettre, ainsi, la strat\u00e9gie de la Premi\u00e8re ministre \u00e9cossaise Nicola Sturgeon ?\u00a0 Attendons pour voir\u2026<\/p>\n<p>Auteur: M&rsquo;hammed rahal<br \/>\n<a href=\"http:\/\/albayane.press.ma\/ecosse-la-querelle-des-independantistes.html\">Cliquez ici pour lire l&rsquo;article depuis sa source.<\/a><\/p>\n","protected":false},"excerpt":{"rendered":"<p>Attendons pour voir\u2026 Nabil EL BOUSAADI Ah que les rapports \u00e9taient sereins en cette \u00e9poque pendant laquelle la Premi\u00e8re ministre \u00e9cossaise, Nicola Sturgeon, vantait les m\u00e9rites de son mentor, \u00ab ami \u00bb et \u00ab coll\u00e8gue \u00bb, Alex Salmond, le Premier ministre d\u2019alors ! Nous \u00e9tions le 26 Novembre 2013 mais beaucoup d\u2019eau a coul\u00e9 sous [&hellip;]<\/p>\n","protected":false},"author":1760,"featured_media":0,"comment_status":"closed","ping_status":"closed","sticky":false,"template":"","format":"standard","meta":{"fifu_image_url":"","fifu_image_alt":"","footnotes":""},"categories":[73,54],"tags":[],"class_list":["post-115446","post","type-post","status-publish","format-standard","hentry","category-actualite","category-maroc"],"_links":{"self":[{"href":"https:\/\/linitiative.ca\/International\/wp-json\/wp\/v2\/posts\/115446","targetHints":{"allow":["GET"]}}],"collection":[{"href":"https:\/\/linitiative.ca\/International\/wp-json\/wp\/v2\/posts"}],"about":[{"href":"https:\/\/linitiative.ca\/International\/wp-json\/wp\/v2\/types\/post"}],"author":[{"embeddable":true,"href":"https:\/\/linitiative.ca\/International\/wp-json\/wp\/v2\/users\/1760"}],"replies":[{"embeddable":true,"href":"https:\/\/linitiative.ca\/International\/wp-json\/wp\/v2\/comments?post=115446"}],"version-history":[{"count":0,"href":"https:\/\/linitiative.ca\/International\/wp-json\/wp\/v2\/posts\/115446\/revisions"}],"wp:attachment":[{"href":"https:\/\/linitiative.ca\/International\/wp-json\/wp\/v2\/media?parent=115446"}],"wp:term":[{"taxonomy":"category","embeddable":true,"href":"https:\/\/linitiative.ca\/International\/wp-json\/wp\/v2\/categories?post=115446"},{"taxonomy":"post_tag","embeddable":true,"href":"https:\/\/linitiative.ca\/International\/wp-json\/wp\/v2\/tags?post=115446"}],"curies":[{"name":"wp","href":"https:\/\/api.w.org\/{rel}","templated":true}]}}