{"id":115448,"date":"2021-04-22T14:00:57","date_gmt":"2021-04-22T18:00:57","guid":{"rendered":"https:\/\/linitiative.ca\/International\/%ef%bb%bflancement-de-la-premiere-edition-du-salon-virtuel-du-livre-universitaire\/"},"modified":"2021-04-22T14:00:57","modified_gmt":"2021-04-22T18:00:57","slug":"%ef%bb%bflancement-de-la-premiere-edition-du-salon-virtuel-du-livre-universitaire","status":"publish","type":"post","link":"https:\/\/linitiative.ca\/International\/%ef%bb%bflancement-de-la-premiere-edition-du-salon-virtuel-du-livre-universitaire\/","title":{"rendered":"\ufeffLancement de la premi\u00e8re \u00e9dition du Salon virtuel du livre universitaire"},"content":{"rendered":"<p class=\"has-text-color has-vivid-cyan-blue-color c1\"><strong>A l\u2019initiative du minist\u00e8re de l\u2019\u00c9ducation nationale, du minist\u00e8re de la Culture avec la participation de l\u2019IRCAM, l\u2019Acad\u00e9mie du Royaume et l\u2019Acad\u00e9mie Hassan II des sciences et de la technologie<\/strong><\/p>\n<p><strong>La premi\u00e8re \u00e9dition du Salon virtuel du livre universitaire s\u2019est ouverte, mardi par visioconf\u00e9rence, avec la participation de diverses universit\u00e9s marocaines et de nombreux instituts et \u00e9tablissements d\u2019\u00e9dition et du livre.<\/strong><\/p>\n<p>Pr\u00e9vue jusqu\u2019au 27 avril \u00e0 l\u2019initiative du minist\u00e8re de l\u2019\u00c9ducation nationale, de la Formation professionnelle, de l\u2019Enseignement sup\u00e9rieur et de la Recherche scientifique, en partenariat avec le minist\u00e8re de la Culture, de la Jeunesse et des Sports, cette \u00e9dition connait la participation de l\u2019Institut Royal de la culture Amazighe, l\u2019Acad\u00e9mie du Royaume et l\u2019Acad\u00e9mie Hassan II des sciences et de la technologie, en plus de la participation du Centre national de recherche scientifique et technique, qui supervise la publication de nombreuses revues \u00e9lectroniques universitaires.<\/p>\n<p>Plus de 900 livres universitaires, en papier et num\u00e9riques et une centaine de magazines marocains universitaires \u00e9lectroniques, seront expos\u00e9s lors de cet \u00e9v\u00e9nement, en plus des liens vers la biblioth\u00e8que num\u00e9rique lanc\u00e9e par le minist\u00e8re, en partenariat avec le British Council.<\/p>\n<p>Le programme de cette \u00e9dition comprend, \u00e9galement, des conf\u00e9rences d\u2019\u00e9minents professeurs, notamment le philosophe Edgar Morin, qui a parl\u00e9, dans son conf\u00e9rence inaugurale du salon, du r\u00f4le central du livre dans la culture.<\/p>\n<p>Outre la participation du professeur Ahmed Boukouss, qui pr\u00e9sentera une conf\u00e9rence sur la recherche, la cr\u00e9ativit\u00e9 et l\u2019\u00e9dition \u00e0 travers l\u2019exp\u00e9rience de l\u2019IRCAM, le programme pr\u00e9voit l\u2019intervention d\u2019acteurs issus d\u2019\u00e9tablissements int\u00e9ress\u00e9s par le livre, l\u2019\u00e9dition et les \u00e9changes culturels, notamment le directeur du British Council, ainsi que la responsable de l\u2019Agence universitaire francophone, en plus des interventions de plusieurs professeurs et chercheurs de diverses universit\u00e9s, \u00e0 travers des s\u00e9minaires et des tables rondes.<\/p>\n<p>Cette \u00e9dition se distingue par la publication de nombreuses capsules qui pr\u00e9sentent les r\u00e9alisations de la recherche scientifique, ainsi que quelques publications r\u00e9alis\u00e9es par des professeurs-chercheurs, en plus d\u2019un hommage symbolique \u00e0 certains professeurs ayant remport\u00e9 des prix, notamment le professeur Mohamed Mechbal, qui a remport\u00e9 le Prix du Roi Fay\u00e7al de la langue arabe et la litt\u00e9rature, l\u2019universitaire Chouaib Halifi, qui a remport\u00e9 le Prix de la narration, le professeur Mustapha Bouaziz, le professeur Abderrahmane Temara, les professeurs Hassan Amili, Abderrazzak Al Asri, Youssef El Ouasti et d\u2019autres.<\/p>\n<p>Un concours de lecture pour \u00e9tudiants sera organis\u00e9, parall\u00e8lement aux activit\u00e9s du Salon, avec un focus sur le livre marocain, et qui se distinguera par une nouvelle \u0153uvre du livre audio marocain.<\/p>\n<p>Le lancement officiel de cette \u00e9dition a \u00e9t\u00e9 donn\u00e9 par le ministre de l\u2019\u00c9ducation nationale, de la Formation professionnelle, de l\u2019Enseignement sup\u00e9rieur et de la Recherche scientifique, porte-parole du gouvernement, Saaid Amzazi, le ministre de la culture, de la jeunesse et des sports, Othmane El Ferdaous et le ministre d\u00e9l\u00e9gu\u00e9 charg\u00e9 de l\u2019Enseignement sup\u00e9rieur et de la recherche scientifique, Driss Ouaouicha.<\/p>\n<p>Auteur: M&rsquo;hammed rahal<br \/>\n<a href=\"http:\/\/albayane.press.ma\/%EF%BB%BFlancement-de-la-premiere-edition-du-salon-virtuel-du-livre-universitaire.html\">Cliquez ici pour lire l&rsquo;article depuis sa source.<\/a><\/p>\n","protected":false},"excerpt":{"rendered":"<p>A l\u2019initiative du minist\u00e8re de l\u2019\u00c9ducation nationale, du minist\u00e8re de la Culture avec la participation de l\u2019IRCAM, l\u2019Acad\u00e9mie du Royaume et l\u2019Acad\u00e9mie Hassan II des sciences et de la technologie La premi\u00e8re \u00e9dition du Salon virtuel du livre universitaire s\u2019est ouverte, mardi par visioconf\u00e9rence, avec la participation de diverses universit\u00e9s marocaines et de nombreux instituts [&hellip;]<\/p>\n","protected":false},"author":1760,"featured_media":0,"comment_status":"closed","ping_status":"closed","sticky":false,"template":"","format":"standard","meta":{"fifu_image_url":"","fifu_image_alt":"","footnotes":""},"categories":[73,54],"tags":[],"class_list":["post-115448","post","type-post","status-publish","format-standard","hentry","category-actualite","category-maroc"],"_links":{"self":[{"href":"https:\/\/linitiative.ca\/International\/wp-json\/wp\/v2\/posts\/115448","targetHints":{"allow":["GET"]}}],"collection":[{"href":"https:\/\/linitiative.ca\/International\/wp-json\/wp\/v2\/posts"}],"about":[{"href":"https:\/\/linitiative.ca\/International\/wp-json\/wp\/v2\/types\/post"}],"author":[{"embeddable":true,"href":"https:\/\/linitiative.ca\/International\/wp-json\/wp\/v2\/users\/1760"}],"replies":[{"embeddable":true,"href":"https:\/\/linitiative.ca\/International\/wp-json\/wp\/v2\/comments?post=115448"}],"version-history":[{"count":0,"href":"https:\/\/linitiative.ca\/International\/wp-json\/wp\/v2\/posts\/115448\/revisions"}],"wp:attachment":[{"href":"https:\/\/linitiative.ca\/International\/wp-json\/wp\/v2\/media?parent=115448"}],"wp:term":[{"taxonomy":"category","embeddable":true,"href":"https:\/\/linitiative.ca\/International\/wp-json\/wp\/v2\/categories?post=115448"},{"taxonomy":"post_tag","embeddable":true,"href":"https:\/\/linitiative.ca\/International\/wp-json\/wp\/v2\/tags?post=115448"}],"curies":[{"name":"wp","href":"https:\/\/api.w.org\/{rel}","templated":true}]}}