{"id":115451,"date":"2021-04-22T14:30:00","date_gmt":"2021-04-22T18:30:00","guid":{"rendered":"https:\/\/linitiative.ca\/International\/le-ministere-de-linterieur-engage-des-procedures-judiciaires-contre-zoubida-assoul\/"},"modified":"2021-04-22T14:30:00","modified_gmt":"2021-04-22T18:30:00","slug":"le-ministere-de-linterieur-engage-des-procedures-judiciaires-contre-zoubida-assoul","status":"publish","type":"post","link":"https:\/\/linitiative.ca\/International\/le-ministere-de-linterieur-engage-des-procedures-judiciaires-contre-zoubida-assoul\/","title":{"rendered":"Le minist\u00e8re de l\u2019int\u00e9rieur engage des proc\u00e9dures judiciaires contre Zoubida Assoul"},"content":{"rendered":"<div id=\"originalText\" readability=\"55\">\n<p>Le minist\u00e8re de l\u2019int\u00e9rieur a annonc\u00e9, ce jeudi, avoir engag\u00e9 des proc\u00e9dures judiciaires contre Zoubida Assoul, \u00e0 qui il reproche de \u00ab\u00a0s\u2019adonner \u00e0 des activit\u00e9s sous le couvert de son parti\u00a0l\u2019UCP\u00bb, indiquant que sa pr\u00e9sidente \u00abne requiert pas la qualit\u00e9 l\u00e9gale \u00bb, conform\u00e9ment aux lois r\u00e9gissant les activit\u00e9s politiques.<\/p>\n<p>Le d\u00e9partement de Kamel Beldjoud, qui souligne, dans un communiqu\u00e9 publi\u00e9 sur sa page facebook, que l\u2019Union pour le changement et le progr\u00e8s se trouve dans une situation \u00ab\u00a0non conforme \u00e0 la loi\u00bb, pr\u00e9cise \u00a0avoir d\u00e9j\u00e0 \u00ab\u00a0adress\u00e9 une mise en demeure\u00a0\u00bb \u00e0 Mme Assoul pour \u00ab\u00a0assainir la situation de son parti\u00a0\u00bb. De ce fait, il lui fait \u00ab\u00a0porter la responsabilit\u00e9 des cons\u00e9quences qu\u2019induiront cette situation non r\u00e9glementaire et ses agissements\u00a0\u00bb.<\/p>\n<p>Me Zoubida Assoul, ancienne magistrate et avocate actuellement en exercice, s&rsquo;est port\u00e9e volontaire depuis le d\u00e9but du mouvement populaire pour la d\u00e9fense des d\u00e9tenus d&rsquo;opinion.\u00a0<\/p>\n<p class=\"c6\"><strong>R\u00e9daction Web<\/strong><\/p>\n<\/div>\n<div id=\"text_core\" readability=\"55\">\n<p>Le minist\u00e8re de l\u2019int\u00e9rieur a annonc\u00e9, ce jeudi, avoir engag\u00e9 des proc\u00e9dures judiciaires contre Zoubida Assoul, \u00e0 qui il reproche de \u00ab\u00a0s\u2019adonner \u00e0 des activit\u00e9s sous le couvert de son parti\u00a0l\u2019UCP\u00bb, indiquant que sa pr\u00e9sidente \u00abne requiert pas la qualit\u00e9 l\u00e9gale \u00bb, conform\u00e9ment aux lois r\u00e9gissant les activit\u00e9s politiques.<\/p>\n<p>Le d\u00e9partement de Kamel Beldjoud, qui souligne, dans un communiqu\u00e9 publi\u00e9 sur sa page facebook, que l\u2019Union pour le changement et le progr\u00e8s se trouve dans une situation \u00ab\u00a0non conforme \u00e0 la loi\u00bb, pr\u00e9cise \u00a0avoir d\u00e9j\u00e0 \u00ab\u00a0adress\u00e9 une mise en demeure\u00a0\u00bb \u00e0 Mme Assoul pour \u00ab\u00a0assainir la situation de son parti\u00a0\u00bb. De ce fait, il lui fait \u00ab\u00a0porter la responsabilit\u00e9 des cons\u00e9quences qu\u2019induiront cette situation non r\u00e9glementaire et ses agissements\u00a0\u00bb.<\/p>\n<p>Me Zoubida Assoul, ancienne magistrate et avocate actuellement en exercice, s&rsquo;est port\u00e9e volontaire depuis le d\u00e9but du mouvement populaire pour la d\u00e9fense des d\u00e9tenus d&rsquo;opinion.\u00a0<\/p>\n<p class=\"c6\"><strong>R\u00e9daction Web<\/strong><\/p>\n<\/div>\n<p>Auteur:<br \/>\n<a href=\"https:\/\/www.liberte-algerie.com\/actualite\/le-ministere-de-linterieur-engage-des-procedures-judiciaires-contre-zoubida-assoul-357668\">Cliquez ici pour lire l&rsquo;article depuis sa source.<\/a><\/p>\n","protected":false},"excerpt":{"rendered":"<p>Le minist\u00e8re de l\u2019int\u00e9rieur a annonc\u00e9, ce jeudi, avoir engag\u00e9 des proc\u00e9dures judiciaires contre Zoubida Assoul, \u00e0 qui il reproche de \u00ab\u00a0s\u2019adonner \u00e0 des activit\u00e9s sous le couvert de son parti\u00a0l\u2019UCP\u00bb, indiquant que sa pr\u00e9sidente \u00abne requiert pas la qualit\u00e9 l\u00e9gale \u00bb, conform\u00e9ment aux lois r\u00e9gissant les activit\u00e9s politiques. Le d\u00e9partement de Kamel Beldjoud, qui [&hellip;]<\/p>\n","protected":false},"author":1742,"featured_media":0,"comment_status":"closed","ping_status":"closed","sticky":false,"template":"","format":"standard","meta":{"fifu_image_url":"","fifu_image_alt":"","footnotes":""},"categories":[73,53],"tags":[],"class_list":["post-115451","post","type-post","status-publish","format-standard","hentry","category-actualite","category-algerie"],"_links":{"self":[{"href":"https:\/\/linitiative.ca\/International\/wp-json\/wp\/v2\/posts\/115451","targetHints":{"allow":["GET"]}}],"collection":[{"href":"https:\/\/linitiative.ca\/International\/wp-json\/wp\/v2\/posts"}],"about":[{"href":"https:\/\/linitiative.ca\/International\/wp-json\/wp\/v2\/types\/post"}],"author":[{"embeddable":true,"href":"https:\/\/linitiative.ca\/International\/wp-json\/wp\/v2\/users\/1742"}],"replies":[{"embeddable":true,"href":"https:\/\/linitiative.ca\/International\/wp-json\/wp\/v2\/comments?post=115451"}],"version-history":[{"count":0,"href":"https:\/\/linitiative.ca\/International\/wp-json\/wp\/v2\/posts\/115451\/revisions"}],"wp:attachment":[{"href":"https:\/\/linitiative.ca\/International\/wp-json\/wp\/v2\/media?parent=115451"}],"wp:term":[{"taxonomy":"category","embeddable":true,"href":"https:\/\/linitiative.ca\/International\/wp-json\/wp\/v2\/categories?post=115451"},{"taxonomy":"post_tag","embeddable":true,"href":"https:\/\/linitiative.ca\/International\/wp-json\/wp\/v2\/tags?post=115451"}],"curies":[{"name":"wp","href":"https:\/\/api.w.org\/{rel}","templated":true}]}}