{"id":115453,"date":"2021-04-23T10:11:58","date_gmt":"2021-04-23T14:11:58","guid":{"rendered":"https:\/\/linitiative.ca\/International\/marches-ramadan-approvisionnement-abondant-et-prix-stables\/"},"modified":"2021-04-23T10:11:58","modified_gmt":"2021-04-23T14:11:58","slug":"marches-ramadan-approvisionnement-abondant-et-prix-stables","status":"publish","type":"post","link":"https:\/\/linitiative.ca\/International\/marches-ramadan-approvisionnement-abondant-et-prix-stables\/","title":{"rendered":"March\u00e9s\/Ramadan: Approvisionnement abondant et prix stables"},"content":{"rendered":"<div class=\"single-featured\"><img alt=\"\" data-src=\"http:\/\/www.mapmarrakech.ma\/map\/uploads\/2021\/04\/fruits-et-l\u00e9gumes.jpg\"\/><\/div>\n<div class=\"single-post-excerpt post-excerpt-bc\" readability=\"38\">\n<p>La commission interminist\u00e9rielle charg\u00e9e du suivi de l\u2019approvisionnement, des prix et des op\u00e9rations de contr\u00f4le de la qualit\u00e9 et des prix, r\u00e9unie jeudi, a assur\u00e9 que les march\u00e9s sont approvisionn\u00e9s de fa\u00e7on abondante en produits de large consommation et les prix sont stables durant les huit premiers jours du Ramadan.<\/p>\n<\/div>\n<div class=\"entry-content clearfix single-post-content\" readability=\"65\">\n<p>\u00ab\u00a0Il ressort du suivi quotidien des march\u00e9s effectu\u00e9 par les d\u00e9partements concern\u00e9s, que les march\u00e9s des produits de large consommation sont approvisionn\u00e9s de fa\u00e7on abondante au cours de cette p\u00e9riode et qu\u2019aucune anomalie particuli\u00e8re n\u2019a \u00e9t\u00e9 relev\u00e9e \u00e0 ce niveau\u00a0\u00bb, indique le D\u00e9partement des Affaires g\u00e9n\u00e9rales et de la gouvernance dans un communiqu\u00e9 sur la deuxi\u00e8me r\u00e9union de cette commission.<\/p>\n<p>\u00ab\u00a0Pour ce qui est des prix pratiques, ils sont g\u00e9n\u00e9ralement stables, certaines cat\u00e9gories ont m\u00eame enregistr\u00e9 des baisses par rapport \u00e0 la m\u00eame p\u00e9riode du mois de Ramadan de l\u2019ann\u00e9e pr\u00e9c\u00e9dente, \u00e0 l\u2019instar des l\u00e9gumineuses et des viandes rouges. Il a \u00e9t\u00e9 remarqu\u00e9e \u00e9galement de l\u00e9g\u00e8res hausse des prix de certains produits alimentaires comme la tomate et les viandes blanches\u00a0\u00bb, poursuit la m\u00eame source.<\/p>\n<p>Cette r\u00e9union a \u00e9t\u00e9 tenue sous la pr\u00e9sidence du D\u00e9partement des Affaires g\u00e9n\u00e9rales et de la gouvernance relevant du minist\u00e8re de l\u2019Economie, des finances et de la r\u00e9forme de l\u2019administration, avec la participation des d\u00e9partements minist\u00e9riels charg\u00e9s de l\u2019Int\u00e9rieur, de l\u2019Agriculture, des p\u00eaches maritimes, de l\u2019Industrie et du commerce et celui de l\u2019Energie et des mines.<\/p>\n<p>La commission poursuivra la tenue r\u00e9guli\u00e8re de ses r\u00e9unions pour suivre l\u2019\u00e9volution de la situation des march\u00e9s, le niveau de l\u2019approvisionnement et des prix et le bilan des interventions des commissions de contr\u00f4le pour faire face \u00e0 tout type de fraude, de monopolisation, de sp\u00e9culation ou de manipulation des prix, conclut le communiqu\u00e9.<\/p>\n<\/div>\n<p>Auteur: Meriem IGASS<br \/>\n<a href=\"http:\/\/www.mapmarrakech.ma\/fr\/marches-ramadan-approvisionnement-abondant-et-prix-stables\/\">Cliquez ici pour lire l&rsquo;article depuis sa source.<\/a><\/p>\n","protected":false},"excerpt":{"rendered":"<p>La commission interminist\u00e9rielle charg\u00e9e du suivi de l\u2019approvisionnement, des prix et des op\u00e9rations de contr\u00f4le de la qualit\u00e9 et des prix, r\u00e9unie jeudi, a assur\u00e9 que les march\u00e9s sont approvisionn\u00e9s de fa\u00e7on abondante en produits de large consommation et les prix sont stables durant les huit premiers jours du Ramadan. \u00ab\u00a0Il ressort du suivi quotidien [&hellip;]<\/p>\n","protected":false},"author":1788,"featured_media":0,"comment_status":"closed","ping_status":"closed","sticky":false,"template":"","format":"standard","meta":{"fifu_image_url":"http:\/\/www.mapmarrakech.ma\/map\/uploads\/2021\/04\/fruits-et-l\u00e9gumes.jpg","fifu_image_alt":"March\u00e9s\/Ramadan: Approvisionnement abondant et prix stables","footnotes":""},"categories":[54,76],"tags":[],"class_list":["post-115453","post","type-post","status-publish","format-standard","hentry","category-maroc","category-regions"],"_links":{"self":[{"href":"https:\/\/linitiative.ca\/International\/wp-json\/wp\/v2\/posts\/115453","targetHints":{"allow":["GET"]}}],"collection":[{"href":"https:\/\/linitiative.ca\/International\/wp-json\/wp\/v2\/posts"}],"about":[{"href":"https:\/\/linitiative.ca\/International\/wp-json\/wp\/v2\/types\/post"}],"author":[{"embeddable":true,"href":"https:\/\/linitiative.ca\/International\/wp-json\/wp\/v2\/users\/1788"}],"replies":[{"embeddable":true,"href":"https:\/\/linitiative.ca\/International\/wp-json\/wp\/v2\/comments?post=115453"}],"version-history":[{"count":0,"href":"https:\/\/linitiative.ca\/International\/wp-json\/wp\/v2\/posts\/115453\/revisions"}],"wp:attachment":[{"href":"https:\/\/linitiative.ca\/International\/wp-json\/wp\/v2\/media?parent=115453"}],"wp:term":[{"taxonomy":"category","embeddable":true,"href":"https:\/\/linitiative.ca\/International\/wp-json\/wp\/v2\/categories?post=115453"},{"taxonomy":"post_tag","embeddable":true,"href":"https:\/\/linitiative.ca\/International\/wp-json\/wp\/v2\/tags?post=115453"}],"curies":[{"name":"wp","href":"https:\/\/api.w.org\/{rel}","templated":true}]}}