{"id":115454,"date":"2021-04-23T10:31:19","date_gmt":"2021-04-23T14:31:19","guid":{"rendered":"https:\/\/linitiative.ca\/International\/plaidoyer-pour-la-promotion-de-la-recherche-en-sciences-humaines\/"},"modified":"2021-04-23T10:31:19","modified_gmt":"2021-04-23T14:31:19","slug":"plaidoyer-pour-la-promotion-de-la-recherche-en-sciences-humaines","status":"publish","type":"post","link":"https:\/\/linitiative.ca\/International\/plaidoyer-pour-la-promotion-de-la-recherche-en-sciences-humaines\/","title":{"rendered":"Plaidoyer pour la promotion de la recherche en sciences humaines"},"content":{"rendered":"<div readability=\"38\">\n<p>Marrakech \u2013 Les participants \u00e0 une table ronde sur \u00ab\u00a0la recherche en sciences humaines et sociales\u00a0\u00bb, organis\u00e9e jeudi \u00e0 Marrakech, ont plaid\u00e9 en faveur de la promotion de la recherche en sciences humaines et sociales au sein des institutions d\u2019enseignement sup\u00e9rieur, ainsi qu\u2019\u00e0 l\u2019augmentation des budgets allou\u00e9s dans ce sens.<\/p>\n<\/div>\n<div readability=\"160\">\n<p>Au cours de cette rencontre, organis\u00e9e par la Facult\u00e9 des Lettres et des Sciences Humaines relevant de l\u2019Universit\u00e9 Cadi Ayyad (UCA), dans le cadre de la premi\u00e8re \u00e9dition du Salon virtuel du livre universitaire (20-27 avril), les intervenants ont soulign\u00e9 que l\u2019universit\u00e9 ne peut pas assurer sa mission cl\u00e9 dans la soci\u00e9t\u00e9 en l\u2019absence de la promotion et l\u2019encouragement de la recherche scientifique ainsi que de l\u2019innovation.<\/p>\n<p>A cet \u00e9gard, M. Mohamed Maouhoub, professeur de philosophie contemporaine \u00e0 la Facult\u00e9 des lettres et des sciences humaines de Marrakech (FLSHM), a relev\u00e9 que la recherche scientifique constitue un levier majeur de d\u00e9veloppement, ce qui explique que plusieurs pays s\u2019appuient sur la recherche pour assurer un d\u00e9veloppement \u00e9conomique durable.<\/p>\n<p>Ainsi, les \u00e9conomies mondiales \u0153uvrent pour augmenter les fonds consacr\u00e9s \u00e0 la recherche scientifique afin de r\u00e9aliser le d\u00e9veloppement escompt\u00e9 et acc\u00e9l\u00e9rer sa cadence, a indiqu\u00e9 M. Maouhoub, ajoutant que la crise sanitaire et \u00e9conomique induite par la pand\u00e9mie de la Covid-19 a soulign\u00e9 l\u2019importance d\u2019une telle approche.<\/p>\n<p>De son c\u00f4t\u00e9, M. Said Bojrouf, professeur de g\u00e9ographie et d\u2019am\u00e9nagement de territoire \u00e0 la FLSHM, a expliqu\u00e9 que la recherche en sciences humaines et sociales est pass\u00e9e de la marginalit\u00e9 \u00e0 la centralit\u00e9, faisant savoir que ces sciences sont, d\u00e9sormais, oblig\u00e9es de traiter les grands questionnements relatifs \u00e0 la d\u00e9mocratisation, la gouvernance, la valorisation, la mobilisation et la gestion de toutes les ressources, la r\u00e9duction des disparit\u00e9s territoriales et sociales, le d\u00e9veloppement territorial, les \u00e9quilibres environnementaux, les transformations sociales, \u00e9conomiques, culturelles et identitaires, le contrat social qui garantit l\u2019\u00e9galit\u00e9 et la libert\u00e9, les d\u00e9fis de la mondialisation, l\u2019ouverture, l\u2019emploi, l\u2019investissement, la production et le partage de la connaissance humaine, la num\u00e9risation, l\u2019int\u00e9grit\u00e9 territoriale, le rayonnement du Royaume, la r\u00e9gionalisation, et la d\u00e9centralisation.<\/p>\n<p>Affirmant que tous ces questionnements n\u00e9cessitent la mise en place d\u2019un syst\u00e8me national de recherche scientifique dans le cadre d\u2019une strat\u00e9gie visant l\u2019organisation, l\u2019encadrement et le d\u00e9veloppement dans ce domaine, il a conclu que la recherche scientifique n\u2019a pas atteint le niveau escompt\u00e9 en raison de l\u2019insuffisance du budget allou\u00e9 \u00e0 ce secteur.<\/p>\n<p>Pour sa part, M. Mostapha Saaliti, professeur de psychologie sociale \u00e0 la FLSHM, a soulign\u00e9 que les universit\u00e9s marocaines ont besoin de projets de recherche sur le terrain dans tous les domaines des sciences humaines, notamment la psychologie sociale, qui offre des paradigmes th\u00e9oriques \u00e0 m\u00eame de permettre de comprendre les ph\u00e9nom\u00e8nes, les probl\u00e8mes et les crises au sein de la soci\u00e9t\u00e9.<\/p>\n<p>Dans ce contexte, il a soulev\u00e9 un certain nombre de questionnements concernant notamment, les strat\u00e9gies d\u2019adaptation pour faire face \u00e0 la Covid 19, les \u00e9l\u00e9ments impactant ces strat\u00e9gies et les facteurs culturels, religieux\u2026 affectant la perception des risques par le citoyen, d\u2019autant que cette perception a un impact direct sur son comportement.<\/p>\n<p>Le professeur d\u2019histoire et d\u2019arch\u00e9ologie \u00e0 la FLSHM, M. Hicham Rguig, a mis en exergue, quant \u00e0 lui, l\u2019importance de la perp\u00e9tuation de la m\u00e9moire et la pr\u00e9servation de l\u2019identit\u00e9 dans un monde confront\u00e9 \u00e0 de graves d\u00e9fis, notamment la mondialisation, qui cherche \u00e0 effacer les idiosyncrasies culturelles en mettant fin \u00e0 la diversit\u00e9 civilisationnelle et culturelle.<\/p>\n<p>A cet \u00e9gard, il a soulign\u00e9 que la pr\u00e9servation et la valorisation du patrimoine marocain constitue la pierre angulaire de la construction de l\u2019identit\u00e9 culturelle chez les jeunes, faisant savoir que cet effort ne repose pas sur un simple agencement technique ou une orientation \u00e9conomique visant \u00e0 encourager le tourisme culturel au Maroc, mais il s\u2019agit d\u2019un un projet soci\u00e9tal consacr\u00e9 dans la Constitution de 2011 en tant que cadre r\u00e9glementaire pour le renforcement de l\u2019identit\u00e9 nationale f\u00e9d\u00e9ratrice en mettant l\u2019accent sur le patrimoine marocain mill\u00e9naire.<\/p>\n<p>De son c\u00f4t\u00e9, M. Zakaria Ibrahimi, professeur de sociologie \u00e0 la FLSHM, a affirm\u00e9 que les centres de production de connaissances en sciences humaines et sociales ont d\u00e9pass\u00e9 le cadre de l\u2019universit\u00e9.<\/p>\n<p>Ainsi, M. Ibrahimi a appel\u00e9 \u00e0 la structuration de la recherche en sciences humaines et sociales en privil\u00e9giant la production scientifique au sein des institutions et instituts de recherche scientifique, au lieu de rester d\u00e9pendant des efforts individuels.<\/p>\n<p>La table ronde a port\u00e9 sur une s\u00e9rie de questionnements, notamment le contexte interne et la structure organisationnelle de la recherche en sciences humaines et sociales dans les institutions d\u2019enseignement sup\u00e9rieur, le financement de la recherche, les probl\u00e9matiques soulev\u00e9es et le d\u00e9fi de r\u00e9pondre aux attentes en mati\u00e8re du d\u00e9veloppement, d\u2019investissement, d\u2019emploi, d\u2019environnement, d\u2019identit\u00e9 et du patrimoine, les sciences humaines et sociales et la pand\u00e9mie de la Covid-19, ainsi que les sciences humaines et sociales: enjeux et perspectives.<\/p>\n<\/div>\n<p>Auteur: Meriem IGASS<br \/>\n<a href=\"http:\/\/www.mapmarrakech.ma\/fr\/plaidoyer-pour-la-promotion-de-la-recherche-en-sciences-humaines-et-sociales\/\">Cliquez ici pour lire l&rsquo;article depuis sa source.<\/a><\/p>\n","protected":false},"excerpt":{"rendered":"<p>Marrakech \u2013 Les participants \u00e0 une table ronde sur \u00ab\u00a0la recherche en sciences humaines et sociales\u00a0\u00bb, organis\u00e9e jeudi \u00e0 Marrakech, ont plaid\u00e9 en faveur de la promotion de la recherche en sciences humaines et sociales au sein des institutions d\u2019enseignement sup\u00e9rieur, ainsi qu\u2019\u00e0 l\u2019augmentation des budgets allou\u00e9s dans ce sens. Au cours de cette rencontre, [&hellip;]<\/p>\n","protected":false},"author":1788,"featured_media":0,"comment_status":"closed","ping_status":"closed","sticky":false,"template":"","format":"standard","meta":{"fifu_image_url":"","fifu_image_alt":"","footnotes":""},"categories":[54,76],"tags":[],"class_list":["post-115454","post","type-post","status-publish","format-standard","hentry","category-maroc","category-regions"],"_links":{"self":[{"href":"https:\/\/linitiative.ca\/International\/wp-json\/wp\/v2\/posts\/115454","targetHints":{"allow":["GET"]}}],"collection":[{"href":"https:\/\/linitiative.ca\/International\/wp-json\/wp\/v2\/posts"}],"about":[{"href":"https:\/\/linitiative.ca\/International\/wp-json\/wp\/v2\/types\/post"}],"author":[{"embeddable":true,"href":"https:\/\/linitiative.ca\/International\/wp-json\/wp\/v2\/users\/1788"}],"replies":[{"embeddable":true,"href":"https:\/\/linitiative.ca\/International\/wp-json\/wp\/v2\/comments?post=115454"}],"version-history":[{"count":0,"href":"https:\/\/linitiative.ca\/International\/wp-json\/wp\/v2\/posts\/115454\/revisions"}],"wp:attachment":[{"href":"https:\/\/linitiative.ca\/International\/wp-json\/wp\/v2\/media?parent=115454"}],"wp:term":[{"taxonomy":"category","embeddable":true,"href":"https:\/\/linitiative.ca\/International\/wp-json\/wp\/v2\/categories?post=115454"},{"taxonomy":"post_tag","embeddable":true,"href":"https:\/\/linitiative.ca\/International\/wp-json\/wp\/v2\/tags?post=115454"}],"curies":[{"name":"wp","href":"https:\/\/api.w.org\/{rel}","templated":true}]}}