{"id":115455,"date":"2021-04-23T11:36:25","date_gmt":"2021-04-23T15:36:25","guid":{"rendered":"https:\/\/linitiative.ca\/International\/pleins-feux-sur-les-oeuvres-recentes-de-lartiste-peintre-britta-reinhardt\/"},"modified":"2021-04-23T11:36:25","modified_gmt":"2021-04-23T15:36:25","slug":"pleins-feux-sur-les-oeuvres-recentes-de-lartiste-peintre-britta-reinhardt","status":"publish","type":"post","link":"https:\/\/linitiative.ca\/International\/pleins-feux-sur-les-oeuvres-recentes-de-lartiste-peintre-britta-reinhardt\/","title":{"rendered":"Pleins feux sur les oeuvres r\u00e9centes de l\u2019artiste-peintre Britta Reinhardt"},"content":{"rendered":"<div readability=\"37\">\n<p>Marrakech \u2013 L\u2019artiste-peintre allemande, Britta Reinhardt expose jusqu\u2019au 30 avril courant \u00e0 Marrakech, une collection singuli\u00e8re et de toute beaut\u00e9 de ses toiles les plus r\u00e9centes et ce, sous le signe \u00ab\u00a0Djellaba\u00a0\u00bb.<\/p>\n<\/div>\n<div readability=\"79\">\n<p>Le titre de cette collection riche en couleurs refl\u00e8te, de mani\u00e8re remarquable, les pr\u00e9occupations de l\u2019artiste qui manifeste un int\u00e9r\u00eat particulier pour le patrimoine culturel marocain notamment, dans l\u2019aspect vestimentaire.<\/p>\n<p>\u00ab\u00a0Mon enfance, c\u2019est le Maroc. R\u00e9guli\u00e8rement et depuis toujours, les couleurs et les \u00e9motions de ce pays ont marqu\u00e9 et \u00e9veill\u00e9 mes premiers sens, puis mes sens d\u2018artiste. Mon parcours cr\u00e9atif a sans cesse \u00e9t\u00e9 impr\u00e9gn\u00e9 de rencontres esth\u00e9tiques, symboliques et humaines v\u00e9cues au Maroc\u00a0\u00bb, souligne cette artiste dans le catalogue de cette exposition organis\u00e9e, en partenariat avec BCK Art Gallery.<\/p>\n<p>Cette exposition est pleine de couleurs o\u00f9 l\u2019artiste d\u00e9voile un art qui s\u2019inspire de l\u2019\u00e9nergie positive qui est en elle.<\/p>\n<p>L\u2019art de cette artiste tente de \u00ab\u00a0rendre la vie du contemplateur plus intense et le faire participer \u00e0 la po\u00e9sie du quotidien. Elle essaye avec ses tableaux de le pousser \u00e0 prendre conscience du potentiel de son environnement, et de l\u2019aider \u00e0 l\u2019embellir avec sa propre imagination\u00a0\u00bb.<\/p>\n<p>Il en ressort de l\u2019exp\u00e9rience de cette artiste des ouvrages exp\u00e9rimentaux et de soci\u00e9t\u00e9, sans surcharge th\u00e9orique.<\/p>\n<p>\u00ab\u00a0J\u2019ai le privil\u00e8ge avec mon art de pouvoir faire r\u00e9agir les spectateurs sur leur engagement pour l\u2019am\u00e9lioration de notre environnement et de nos conditions de vie, les rendre plus sensibles aux difficult\u00e9s de communication entre les \u00eatres humains et les cultures, car je souhaite que mon art rassemble et unisse\u00a0\u00bb, a-t-elle ajout\u00e9.<\/p>\n<p>La peinture de cette artiste- plasticienne est caract\u00e9ris\u00e9e par son attachement \u00e0 m\u00ealer des couleurs vives \u00e0 des motifs traditionnels marocains peints avec pochoirs, en passant par des d\u00e9cors fantastiques ou par des paysages plut\u00f4t m\u00e9ditatifs, toujours \u00e0 la recherche d\u2018effets et de profondeurs.<\/p>\n<p>\u00ab\u00a0Je suis fi\u00e8re de partager avec vous mon histoire intime et sensible avec ce pays. En peinture\u00a0\u00bb, a-t-elle dit en guise de conclusion.<\/p>\n<\/div>\n<p>Auteur: Meriem IGASS<br \/>\n<a href=\"http:\/\/www.mapmarrakech.ma\/fr\/pleins-feux-sur-les-oeuvres-recentes-de-lartiste-peintre-britta-reinhardt\/\">Cliquez ici pour lire l&rsquo;article depuis sa source.<\/a><\/p>\n","protected":false},"excerpt":{"rendered":"<p>Marrakech \u2013 L\u2019artiste-peintre allemande, Britta Reinhardt expose jusqu\u2019au 30 avril courant \u00e0 Marrakech, une collection singuli\u00e8re et de toute beaut\u00e9 de ses toiles les plus r\u00e9centes et ce, sous le signe \u00ab\u00a0Djellaba\u00a0\u00bb. Le titre de cette collection riche en couleurs refl\u00e8te, de mani\u00e8re remarquable, les pr\u00e9occupations de l\u2019artiste qui manifeste un int\u00e9r\u00eat particulier pour le [&hellip;]<\/p>\n","protected":false},"author":1788,"featured_media":0,"comment_status":"closed","ping_status":"closed","sticky":false,"template":"","format":"standard","meta":{"fifu_image_url":"","fifu_image_alt":"","footnotes":""},"categories":[54,76],"tags":[],"class_list":["post-115455","post","type-post","status-publish","format-standard","hentry","category-maroc","category-regions"],"_links":{"self":[{"href":"https:\/\/linitiative.ca\/International\/wp-json\/wp\/v2\/posts\/115455","targetHints":{"allow":["GET"]}}],"collection":[{"href":"https:\/\/linitiative.ca\/International\/wp-json\/wp\/v2\/posts"}],"about":[{"href":"https:\/\/linitiative.ca\/International\/wp-json\/wp\/v2\/types\/post"}],"author":[{"embeddable":true,"href":"https:\/\/linitiative.ca\/International\/wp-json\/wp\/v2\/users\/1788"}],"replies":[{"embeddable":true,"href":"https:\/\/linitiative.ca\/International\/wp-json\/wp\/v2\/comments?post=115455"}],"version-history":[{"count":0,"href":"https:\/\/linitiative.ca\/International\/wp-json\/wp\/v2\/posts\/115455\/revisions"}],"wp:attachment":[{"href":"https:\/\/linitiative.ca\/International\/wp-json\/wp\/v2\/media?parent=115455"}],"wp:term":[{"taxonomy":"category","embeddable":true,"href":"https:\/\/linitiative.ca\/International\/wp-json\/wp\/v2\/categories?post=115455"},{"taxonomy":"post_tag","embeddable":true,"href":"https:\/\/linitiative.ca\/International\/wp-json\/wp\/v2\/tags?post=115455"}],"curies":[{"name":"wp","href":"https:\/\/api.w.org\/{rel}","templated":true}]}}