{"id":115460,"date":"2021-04-23T07:40:28","date_gmt":"2021-04-23T11:40:28","guid":{"rendered":"https:\/\/linitiative.ca\/International\/mdiq-fnideq-le-noyau-industriel-continue-de-grandir\/"},"modified":"2021-04-23T07:40:28","modified_gmt":"2021-04-23T11:40:28","slug":"mdiq-fnideq-le-noyau-industriel-continue-de-grandir","status":"publish","type":"post","link":"https:\/\/linitiative.ca\/International\/mdiq-fnideq-le-noyau-industriel-continue-de-grandir\/","title":{"rendered":"Mdiq-Fnideq : Le noyau industriel continue de grandir"},"content":{"rendered":"<p class=\"rtejustify\">4 unit\u00e9s industrielles ont \u00e9t\u00e9 install\u00e9es dans la zone de Mdiq-Fnideq. Elles continuent leur mont\u00e9e en charge avec la multiplication de campagnes de recrutement.<\/p>\n<p class=\"rtejustify\">A la date du mercredi 22 avril, elles ont int\u00e9gr\u00e9 de plus de 1 200 personnes majoritairement des femmes-mulets ayant travaill\u00e9 \u00e0 Bab Sebta. A terme, le nombre d\u2019emplois cr\u00e9\u00e9s atteindra les 5.000 emplois directs stables, selon l\u2019APDN.<\/p>\n<p class=\"rtejustify\"><em>A.A.<\/em><\/p>\n<p class=\"rtejustify\">\u00a0<\/p>\n<p>Auteur: mbasraoui<br \/>\n<a href=\"https:\/\/www.leconomiste.com\/flash-infos\/mdiq-fnideq-le-noyau-industriel-continue-de-grandir\">Cliquez ici pour lire l&rsquo;article depuis sa source.<\/a><\/p>\n","protected":false},"excerpt":{"rendered":"<p>4 unit\u00e9s industrielles ont \u00e9t\u00e9 install\u00e9es dans la zone de Mdiq-Fnideq. Elles continuent leur mont\u00e9e en charge avec la multiplication de campagnes de recrutement. A la date du mercredi 22 avril, elles ont int\u00e9gr\u00e9 de plus de 1 200 personnes majoritairement des femmes-mulets ayant travaill\u00e9 \u00e0 Bab Sebta. A terme, le nombre d\u2019emplois cr\u00e9\u00e9s atteindra [&hellip;]<\/p>\n","protected":false},"author":1763,"featured_media":0,"comment_status":"closed","ping_status":"closed","sticky":false,"template":"","format":"standard","meta":{"fifu_image_url":"","fifu_image_alt":"","footnotes":""},"categories":[78,54],"tags":[],"class_list":["post-115460","post","type-post","status-publish","format-standard","hentry","category-economie","category-maroc"],"_links":{"self":[{"href":"https:\/\/linitiative.ca\/International\/wp-json\/wp\/v2\/posts\/115460","targetHints":{"allow":["GET"]}}],"collection":[{"href":"https:\/\/linitiative.ca\/International\/wp-json\/wp\/v2\/posts"}],"about":[{"href":"https:\/\/linitiative.ca\/International\/wp-json\/wp\/v2\/types\/post"}],"author":[{"embeddable":true,"href":"https:\/\/linitiative.ca\/International\/wp-json\/wp\/v2\/users\/1763"}],"replies":[{"embeddable":true,"href":"https:\/\/linitiative.ca\/International\/wp-json\/wp\/v2\/comments?post=115460"}],"version-history":[{"count":0,"href":"https:\/\/linitiative.ca\/International\/wp-json\/wp\/v2\/posts\/115460\/revisions"}],"wp:attachment":[{"href":"https:\/\/linitiative.ca\/International\/wp-json\/wp\/v2\/media?parent=115460"}],"wp:term":[{"taxonomy":"category","embeddable":true,"href":"https:\/\/linitiative.ca\/International\/wp-json\/wp\/v2\/categories?post=115460"},{"taxonomy":"post_tag","embeddable":true,"href":"https:\/\/linitiative.ca\/International\/wp-json\/wp\/v2\/tags?post=115460"}],"curies":[{"name":"wp","href":"https:\/\/api.w.org\/{rel}","templated":true}]}}