{"id":115461,"date":"2021-04-23T10:16:35","date_gmt":"2021-04-23T14:16:35","guid":{"rendered":"https:\/\/linitiative.ca\/International\/covid-19-le-japon-decrete-un-nouvel-etat-durgence\/"},"modified":"2021-04-23T10:16:35","modified_gmt":"2021-04-23T14:16:35","slug":"covid-19-le-japon-decrete-un-nouvel-etat-durgence","status":"publish","type":"post","link":"https:\/\/linitiative.ca\/International\/covid-19-le-japon-decrete-un-nouvel-etat-durgence\/","title":{"rendered":"Covid-19 : Le Japon d\u00e9cr\u00e8te un nouvel \u00e9tat d&rsquo;urgence"},"content":{"rendered":"<p>Les autorit\u00e9s japonaises ont d\u00e9cr\u00e9t\u00e9, vendredi, un nouvel \u00e9tat d&rsquo;urgence \u00e0 Tokyo et dans trois autres d\u00e9partements pour faire face \u00e0 la recrudescence locale du nouveau coronavirus (Covid-19).<\/p>\n<p>Cette d\u00e9cision, qui intervient \u00e0 trois mois du lancement des Jeux olympiques pr\u00e9vus dans la capitale japonaise, a \u00e9t\u00e9 annonc\u00e9e par le Premier ministre Yoshihide Suga et visera notamment les d\u00e9partements de Tokyo, Kyoto, Osaka et Hyogo \u00e0 partir de dimanche pour durer au moins jusqu&rsquo;au 11 mai. \u00ab\u00a0Le syst\u00e8me hospitalier est confront\u00e9 \u00e0 une situation d&rsquo;une ampleur sans pr\u00e9c\u00e9dent. Les contaminations aux variants hautement contagieux repr\u00e9sentent aujourd&rsquo;hui 80% des infections \u00e0 Osaka et 30% \u00e0 Tokyo\u00a0\u00bb, a soulign\u00e9 M. Suga, ajoutant : \u00ab\u00a0Nous avons des armes appel\u00e9es les vaccins. Je suis certain que cette difficile bataille prendra fin\u00a0\u00bb.<\/p>\n<p>Plut\u00f4t dans la journ\u00e9e, le ministre japonais en charge de la lutte contre le virus, Yasutoshi Nishimura avait fait part d&rsquo;un \u00ab\u00a0fort sentiment de crise\u00a0\u00bb. \u00ab\u00a0Nous ne serons pas en mesure de contenir les variants qui ont de puissantes capacit\u00e9s infectieuses, \u00e0 moins de prendre des mesures plus fortes que jusqu&rsquo;\u00e0 pr\u00e9sent\u00a0\u00bb. Toutefois, les responsables ont affirm\u00e9 que les mesures d&rsquo;urgence n&rsquo;auraient aucune incidence sur l&rsquo;organisation des Jeux olympiques de Tokyo.<\/p>\n<p>\u00ab\u00a0Nous ne pensons pas \u00e0 l&rsquo;annulation\u00a0\u00bb avait, \u00e0 cet \u00e9gard, d\u00e9clar\u00e9 devant la presse la pr\u00e9sidente de Tokyo-2020, Seiko Hashimoto, ajoutant que les organisateurs r\u00e9fl\u00e9chissaient \u00e0 la mani\u00e8re de pr\u00e9parer les JO en donnant la priorit\u00e9 \u00e0 la s\u00e9curit\u00e9. Depuis janvier 2020, quelque 10.000 d\u00e9c\u00e8s ont \u00e9t\u00e9 recens\u00e9s au Japon o\u00f9 moins de 0,7% de la population a \u00e9t\u00e9 vaccin\u00e9e pour l&rsquo;heure.<\/p>\n<p>Auteur: mbasraoui<br \/>\n<a href=\"https:\/\/www.leconomiste.com\/flash-infos\/covid-19-le-japon-decrete-un-nouvel-etat-d-urgence\">Cliquez ici pour lire l&rsquo;article depuis sa source.<\/a><\/p>\n","protected":false},"excerpt":{"rendered":"<p>Les autorit\u00e9s japonaises ont d\u00e9cr\u00e9t\u00e9, vendredi, un nouvel \u00e9tat d&rsquo;urgence \u00e0 Tokyo et dans trois autres d\u00e9partements pour faire face \u00e0 la recrudescence locale du nouveau coronavirus (Covid-19). Cette d\u00e9cision, qui intervient \u00e0 trois mois du lancement des Jeux olympiques pr\u00e9vus dans la capitale japonaise, a \u00e9t\u00e9 annonc\u00e9e par le Premier ministre Yoshihide Suga et [&hellip;]<\/p>\n","protected":false},"author":1763,"featured_media":0,"comment_status":"closed","ping_status":"closed","sticky":false,"template":"","format":"standard","meta":{"fifu_image_url":"","fifu_image_alt":"","footnotes":""},"categories":[78,54],"tags":[],"class_list":["post-115461","post","type-post","status-publish","format-standard","hentry","category-economie","category-maroc"],"_links":{"self":[{"href":"https:\/\/linitiative.ca\/International\/wp-json\/wp\/v2\/posts\/115461","targetHints":{"allow":["GET"]}}],"collection":[{"href":"https:\/\/linitiative.ca\/International\/wp-json\/wp\/v2\/posts"}],"about":[{"href":"https:\/\/linitiative.ca\/International\/wp-json\/wp\/v2\/types\/post"}],"author":[{"embeddable":true,"href":"https:\/\/linitiative.ca\/International\/wp-json\/wp\/v2\/users\/1763"}],"replies":[{"embeddable":true,"href":"https:\/\/linitiative.ca\/International\/wp-json\/wp\/v2\/comments?post=115461"}],"version-history":[{"count":0,"href":"https:\/\/linitiative.ca\/International\/wp-json\/wp\/v2\/posts\/115461\/revisions"}],"wp:attachment":[{"href":"https:\/\/linitiative.ca\/International\/wp-json\/wp\/v2\/media?parent=115461"}],"wp:term":[{"taxonomy":"category","embeddable":true,"href":"https:\/\/linitiative.ca\/International\/wp-json\/wp\/v2\/categories?post=115461"},{"taxonomy":"post_tag","embeddable":true,"href":"https:\/\/linitiative.ca\/International\/wp-json\/wp\/v2\/tags?post=115461"}],"curies":[{"name":"wp","href":"https:\/\/api.w.org\/{rel}","templated":true}]}}