{"id":115462,"date":"2021-04-23T10:23:30","date_gmt":"2021-04-23T14:23:30","guid":{"rendered":"https:\/\/linitiative.ca\/International\/attaque-au-couteau-dans-un-commissariat-en-france\/"},"modified":"2021-04-23T10:23:30","modified_gmt":"2021-04-23T14:23:30","slug":"attaque-au-couteau-dans-un-commissariat-en-france","status":"publish","type":"post","link":"https:\/\/linitiative.ca\/International\/attaque-au-couteau-dans-un-commissariat-en-france\/","title":{"rendered":"Attaque au couteau dans un commissariat en France"},"content":{"rendered":"<p class=\"rtejustify\">Une fonctionnaire de police a \u00e9t\u00e9 tu\u00e9e lors d\u2019une attaque au couteau survenue vendredi, devant un commissariat de Rambouillet dans les Yvelines, Sud-ouest de l&rsquo;\u00eele-de-France.<\/p>\n<p class=\"rtejustify\">Selon les m\u00e9dias fran\u00e7ais qui citent le procureur de Versailles et des sources polici\u00e8res, l\u2019assaillant a \u00e9t\u00e9 interpell\u00e9 par des policiers sur place, qui ont fait feu sur lui. Dans un \u00e9tat grave, son pronostic vital est engag\u00e9. Les faits se sont produits vers 14H20 (GMT+2) dans le sas de ce commissariat. La fonctionnaire administrative est d\u00e9c\u00e9d\u00e9e sur place, malgr\u00e9 l&rsquo;intervention des pompiers.<\/p>\n<p class=\"rtejustify\">D\u2019apr\u00e8s les premiers \u00e9l\u00e9ments de l\u2019enqu\u00eate, elle a \u00e9t\u00e9 touch\u00e9e \u00e0 la gorge. Le ministre de l\u2019Int\u00e9rieur G\u00e9rald Darmanin est attendu sur place.<\/p>\n<p>Auteur: mbasraoui<br \/>\n<a href=\"https:\/\/www.leconomiste.com\/flash-infos\/attaque-au-couteau-dans-un-commissariat-en-france\">Cliquez ici pour lire l&rsquo;article depuis sa source.<\/a><\/p>\n","protected":false},"excerpt":{"rendered":"<p>Une fonctionnaire de police a \u00e9t\u00e9 tu\u00e9e lors d\u2019une attaque au couteau survenue vendredi, devant un commissariat de Rambouillet dans les Yvelines, Sud-ouest de l&rsquo;\u00eele-de-France. Selon les m\u00e9dias fran\u00e7ais qui citent le procureur de Versailles et des sources polici\u00e8res, l\u2019assaillant a \u00e9t\u00e9 interpell\u00e9 par des policiers sur place, qui ont fait feu sur lui. Dans [&hellip;]<\/p>\n","protected":false},"author":1763,"featured_media":0,"comment_status":"closed","ping_status":"closed","sticky":false,"template":"","format":"standard","meta":{"fifu_image_url":"","fifu_image_alt":"","footnotes":""},"categories":[78,54],"tags":[],"class_list":["post-115462","post","type-post","status-publish","format-standard","hentry","category-economie","category-maroc"],"_links":{"self":[{"href":"https:\/\/linitiative.ca\/International\/wp-json\/wp\/v2\/posts\/115462","targetHints":{"allow":["GET"]}}],"collection":[{"href":"https:\/\/linitiative.ca\/International\/wp-json\/wp\/v2\/posts"}],"about":[{"href":"https:\/\/linitiative.ca\/International\/wp-json\/wp\/v2\/types\/post"}],"author":[{"embeddable":true,"href":"https:\/\/linitiative.ca\/International\/wp-json\/wp\/v2\/users\/1763"}],"replies":[{"embeddable":true,"href":"https:\/\/linitiative.ca\/International\/wp-json\/wp\/v2\/comments?post=115462"}],"version-history":[{"count":0,"href":"https:\/\/linitiative.ca\/International\/wp-json\/wp\/v2\/posts\/115462\/revisions"}],"wp:attachment":[{"href":"https:\/\/linitiative.ca\/International\/wp-json\/wp\/v2\/media?parent=115462"}],"wp:term":[{"taxonomy":"category","embeddable":true,"href":"https:\/\/linitiative.ca\/International\/wp-json\/wp\/v2\/categories?post=115462"},{"taxonomy":"post_tag","embeddable":true,"href":"https:\/\/linitiative.ca\/International\/wp-json\/wp\/v2\/tags?post=115462"}],"curies":[{"name":"wp","href":"https:\/\/api.w.org\/{rel}","templated":true}]}}