{"id":115465,"date":"2021-04-23T15:14:04","date_gmt":"2021-04-23T19:14:04","guid":{"rendered":"https:\/\/linitiative.ca\/International\/pros-le-president-du-besiktas-met-les-choses-au-point-concernant-lavenir-de-ghezzal\/"},"modified":"2021-04-23T15:14:04","modified_gmt":"2021-04-23T19:14:04","slug":"pros-le-president-du-besiktas-met-les-choses-au-point-concernant-lavenir-de-ghezzal","status":"publish","type":"post","link":"https:\/\/linitiative.ca\/International\/pros-le-president-du-besiktas-met-les-choses-au-point-concernant-lavenir-de-ghezzal\/","title":{"rendered":"Pros : Le pr\u00e9sident du Besiktas met les choses au point concernant l\u2019avenir de Ghezzal"},"content":{"rendered":"<div readability=\"32\">\n<p>Auteur : <span>Riad O.<\/span> <span class=\"time\">vendredi 23 avril 2021 14:37<\/span><\/p>\n<\/div>\n<div id=\"post_core\" readability=\"38\">\n<p>Le pr\u00e9sident du Besiktas, Ahmet Nur \u00c7ebi a reconnu que la mission de son club de s\u2019attacher d\u00e9finitivement les services de Rachid Ghezzal en fin de saison risque d\u2019\u00eatre tr\u00e8s compliqu\u00e9e. Interrog\u00e9 \u00e0 ce sujet par la presse turque, l\u2019homme fort du Besiktas a d\u00e9clar\u00e9:\u00a0\u00abNous voulons que Ghezzal poursuive \u00a0l\u2019aventure avec nous. C\u2019est aussi le souhait du joueur. Mais la tache s\u2019annonce compliqu\u00e9e en raison de certains d\u00e9tails.\u00bb Rappelons que Ghezzal est encore sous contrat avec Leicester City, qui r\u00e9clame 8 millions d\u2019euros pour sa lib\u00e9ration.<\/p>\n<p><span class=\"c2\"><strong>Riad O.<\/strong><\/span><\/p>\n<p><strong>Publi\u00e9 dans :<\/strong> <span>ghezzal<\/span><\/p>\n<\/div>\n<p>Auteur:<br \/>\n<a href=\"http:\/\/www.lebuteur.com\/article\/detail?titre=le-president-du-besiktas-met-les-choses-au-point-concernant-lavenir-de-ghezzal&#038;id=99808&#038;utm_source=feedburner&#038;utm_medium=feed&#038;utm_campaign=Feed%3A+GalerieFArtciles+%28Les+derniers+articles++-+lebuteur.com%29\">Cliquez ici pour lire l&rsquo;article depuis sa source.<\/a><\/p>\n","protected":false},"excerpt":{"rendered":"<p>Auteur : Riad O. vendredi 23 avril 2021 14:37 Le pr\u00e9sident du Besiktas, Ahmet Nur \u00c7ebi a reconnu que la mission de son club de s\u2019attacher d\u00e9finitivement les services de Rachid Ghezzal en fin de saison risque d\u2019\u00eatre tr\u00e8s compliqu\u00e9e. Interrog\u00e9 \u00e0 ce sujet par la presse turque, l\u2019homme fort du Besiktas a d\u00e9clar\u00e9:\u00a0\u00abNous voulons [&hellip;]<\/p>\n","protected":false},"author":1738,"featured_media":0,"comment_status":"closed","ping_status":"closed","sticky":false,"template":"","format":"standard","meta":{"fifu_image_url":"\/\/cdn.lebuteur.com\/data\/images\/article\/thumbs\/large-le-president-du-besiktas-met-les-choses-au-point-concernant-lavenir-de-ghezzal-f4a9c.jpg","fifu_image_alt":"Pros : Le pr\u00e9sident du Besiktas met les choses au point concernant l\u2019avenir de Ghezzal","footnotes":""},"categories":[53,75],"tags":[],"class_list":["post-115465","post","type-post","status-publish","format-standard","hentry","category-algerie","category-sport"],"_links":{"self":[{"href":"https:\/\/linitiative.ca\/International\/wp-json\/wp\/v2\/posts\/115465","targetHints":{"allow":["GET"]}}],"collection":[{"href":"https:\/\/linitiative.ca\/International\/wp-json\/wp\/v2\/posts"}],"about":[{"href":"https:\/\/linitiative.ca\/International\/wp-json\/wp\/v2\/types\/post"}],"author":[{"embeddable":true,"href":"https:\/\/linitiative.ca\/International\/wp-json\/wp\/v2\/users\/1738"}],"replies":[{"embeddable":true,"href":"https:\/\/linitiative.ca\/International\/wp-json\/wp\/v2\/comments?post=115465"}],"version-history":[{"count":0,"href":"https:\/\/linitiative.ca\/International\/wp-json\/wp\/v2\/posts\/115465\/revisions"}],"wp:attachment":[{"href":"https:\/\/linitiative.ca\/International\/wp-json\/wp\/v2\/media?parent=115465"}],"wp:term":[{"taxonomy":"category","embeddable":true,"href":"https:\/\/linitiative.ca\/International\/wp-json\/wp\/v2\/categories?post=115465"},{"taxonomy":"post_tag","embeddable":true,"href":"https:\/\/linitiative.ca\/International\/wp-json\/wp\/v2\/tags?post=115465"}],"curies":[{"name":"wp","href":"https:\/\/api.w.org\/{rel}","templated":true}]}}