{"id":115466,"date":"2021-04-23T15:14:08","date_gmt":"2021-04-23T19:14:08","guid":{"rendered":"https:\/\/linitiative.ca\/International\/international-tottenham-un-belge-pour-remplacer-jose-mourinho\/"},"modified":"2021-04-23T15:14:08","modified_gmt":"2021-04-23T19:14:08","slug":"international-tottenham-un-belge-pour-remplacer-jose-mourinho","status":"publish","type":"post","link":"https:\/\/linitiative.ca\/International\/international-tottenham-un-belge-pour-remplacer-jose-mourinho\/","title":{"rendered":"International : Tottenham : Un Belge pour remplacer Jos\u00e9 Mourinho ?"},"content":{"rendered":"<div readability=\"32\">\n<p>Auteur : <span class=\"time\">vendredi 23 avril 2021 18:00<\/span><\/p>\n<\/div>\n<div id=\"post_core\" readability=\"45\">\n<p>Si c\u2019est l\u2019Allemand Julian Nagelsmann qui est surtout li\u00e9 \u00e0\u00a0Tottenham, un coach belge serait pr\u00eat \u00e0 s\u2019assoir sur le banc de touche de la formation londonienne.<\/p>\n<p>Il s\u2019agit de l\u2019actuel s\u00e9lectionneur de la Belgique, Roberto Martinez qui pr\u00e9pare pourtant l\u2019Euro 2021. \u00c2g\u00e9 de 47 ans, Martinez aurait m\u00eame demand\u00e9 \u00e0 son agent, Pini Zahavi, de contacter Daniel Levy avec qui il est proche, comme l\u2019indiquent le m\u00e9dia belge\u00a0Sport et Les-Transferts.<\/p>\n<p><strong>Publi\u00e9 dans :<\/strong> <span>Tottenham : Jos\u00e9 Mourinho<\/span><\/p>\n<\/div>\n<p>Auteur:<br \/>\n<a href=\"http:\/\/www.lebuteur.com\/article\/detail?titre=tottenham-un-belge-pour-remplacer-jose-mourinho&#038;id=99809&#038;utm_source=feedburner&#038;utm_medium=feed&#038;utm_campaign=Feed%3A+GalerieFArtciles+%28Les+derniers+articles++-+lebuteur.com%29\">Cliquez ici pour lire l&rsquo;article depuis sa source.<\/a><\/p>\n","protected":false},"excerpt":{"rendered":"<p>Auteur : vendredi 23 avril 2021 18:00 Si c\u2019est l\u2019Allemand Julian Nagelsmann qui est surtout li\u00e9 \u00e0\u00a0Tottenham, un coach belge serait pr\u00eat \u00e0 s\u2019assoir sur le banc de touche de la formation londonienne. Il s\u2019agit de l\u2019actuel s\u00e9lectionneur de la Belgique, Roberto Martinez qui pr\u00e9pare pourtant l\u2019Euro 2021. \u00c2g\u00e9 de 47 ans, Martinez aurait m\u00eame [&hellip;]<\/p>\n","protected":false},"author":1738,"featured_media":0,"comment_status":"closed","ping_status":"closed","sticky":false,"template":"","format":"standard","meta":{"fifu_image_url":"\/\/cdn.lebuteur.com\/data\/images\/article\/thumbs\/large-99809tottenham-un-belge-pour-remplacer-jose-mourinho-f726b.jpg","fifu_image_alt":"International : Tottenham : Un Belge pour remplacer Jos\u00e9 Mourinho ?","footnotes":""},"categories":[53,75],"tags":[],"class_list":["post-115466","post","type-post","status-publish","format-standard","hentry","category-algerie","category-sport"],"_links":{"self":[{"href":"https:\/\/linitiative.ca\/International\/wp-json\/wp\/v2\/posts\/115466","targetHints":{"allow":["GET"]}}],"collection":[{"href":"https:\/\/linitiative.ca\/International\/wp-json\/wp\/v2\/posts"}],"about":[{"href":"https:\/\/linitiative.ca\/International\/wp-json\/wp\/v2\/types\/post"}],"author":[{"embeddable":true,"href":"https:\/\/linitiative.ca\/International\/wp-json\/wp\/v2\/users\/1738"}],"replies":[{"embeddable":true,"href":"https:\/\/linitiative.ca\/International\/wp-json\/wp\/v2\/comments?post=115466"}],"version-history":[{"count":0,"href":"https:\/\/linitiative.ca\/International\/wp-json\/wp\/v2\/posts\/115466\/revisions"}],"wp:attachment":[{"href":"https:\/\/linitiative.ca\/International\/wp-json\/wp\/v2\/media?parent=115466"}],"wp:term":[{"taxonomy":"category","embeddable":true,"href":"https:\/\/linitiative.ca\/International\/wp-json\/wp\/v2\/categories?post=115466"},{"taxonomy":"post_tag","embeddable":true,"href":"https:\/\/linitiative.ca\/International\/wp-json\/wp\/v2\/tags?post=115466"}],"curies":[{"name":"wp","href":"https:\/\/api.w.org\/{rel}","templated":true}]}}