{"id":115468,"date":"2021-04-23T15:14:12","date_gmt":"2021-04-23T19:14:12","guid":{"rendered":"https:\/\/linitiative.ca\/International\/international-le-real-sen-tire-a-bon-compte-pour-le-moment\/"},"modified":"2021-04-23T15:14:12","modified_gmt":"2021-04-23T19:14:12","slug":"international-le-real-sen-tire-a-bon-compte-pour-le-moment","status":"publish","type":"post","link":"https:\/\/linitiative.ca\/International\/international-le-real-sen-tire-a-bon-compte-pour-le-moment\/","title":{"rendered":"International : Le Real s&rsquo;en tire \u00e0 bon compte&#8230; pour le moment"},"content":{"rendered":"<div readability=\"32\">\n<p>Auteur : <span class=\"time\">vendredi 23 avril 2021 18:48<\/span><\/p>\n<\/div>\n<div id=\"post_core\" readability=\"55\">\n<p>Le Comit\u00e9 ex\u00e9cutif de l&rsquo;UEFA n&rsquo;a pas d\u00e9cid\u00e9 l&rsquo;expulsion du club madril\u00e8ne de l&rsquo;\u00e9dition actuelle de la Ligue des champions lors de la r\u00e9union de ce vendredi apr\u00e8s l&rsquo;adh\u00e9sion des merengue au projet de Super League europ\u00e9enne comme le souligne Goal.<\/p>\n<p>Bien qu&rsquo;Aleksander Ceferin ait laiss\u00e9 une porte ouverte dans une interview pour un sc\u00e9nario o\u00f9 le match n&rsquo;aurait pas eulieu, l&rsquo;ex\u00e9cutif de l&rsquo;UEFA n&rsquo;a finalement pas le pouvoir de sanctionner le Real Madrid, donc l&rsquo;\u00e9quipe de Zinedine Zidane pourra bel et bien chercher \u00e0 se qualfiier pour la finale des champions.<\/p>\n<p>Reste \u00e0 voir si l&rsquo;UEFA prendra des mesures disciplinaires, telles que l&rsquo;ouverture d&rsquo;un dossier contre le Real Madrid, m\u00eame si en aucun cas il ne peut s&rsquo;agir d&rsquo;une expulsion de la comp\u00e9tition cette saison comme l&rsquo;avait sugg\u00e9r\u00e9 le pr\u00e9sident de l&rsquo;organisation.<\/p>\n<p>\u00ab\u00a0Le Comit\u00e9 ex\u00e9cutif de l&rsquo;UEFA a re\u00e7u une mise \u00e0 jour sur les derniers d\u00e9veloppements li\u00e9s \u00e0 la soi-disant \u00ab\u00a0Super League\u00a0\u00bb, y compris les options disponibles pour l&rsquo;UEFA et les mesures qu&rsquo;elle envisage de prendre\u00a0\u00bb, a d\u00e9clar\u00e9 l&rsquo;instance europ\u00e9enne dans une note officielle.<\/p>\n<p><strong>Publi\u00e9 dans :<\/strong> <span>real madrid<\/span><\/p>\n<\/div>\n<p>Auteur:<br \/>\n<a href=\"http:\/\/www.lebuteur.com\/article\/detail?titre=le-real-sen-tire-a-bon-compte-pour-le-moment&#038;id=99811&#038;utm_source=feedburner&#038;utm_medium=feed&#038;utm_campaign=Feed%3A+GalerieFArtciles+%28Les+derniers+articles++-+lebuteur.com%29\">Cliquez ici pour lire l&rsquo;article depuis sa source.<\/a><\/p>\n","protected":false},"excerpt":{"rendered":"<p>Auteur : vendredi 23 avril 2021 18:48 Le Comit\u00e9 ex\u00e9cutif de l&rsquo;UEFA n&rsquo;a pas d\u00e9cid\u00e9 l&rsquo;expulsion du club madril\u00e8ne de l&rsquo;\u00e9dition actuelle de la Ligue des champions lors de la r\u00e9union de ce vendredi apr\u00e8s l&rsquo;adh\u00e9sion des merengue au projet de Super League europ\u00e9enne comme le souligne Goal. Bien qu&rsquo;Aleksander Ceferin ait laiss\u00e9 une porte [&hellip;]<\/p>\n","protected":false},"author":1738,"featured_media":0,"comment_status":"closed","ping_status":"closed","sticky":false,"template":"","format":"standard","meta":{"fifu_image_url":"\/\/cdn.lebuteur.com\/data\/images\/article\/thumbs\/large-le-real-sen-tire-a-bon-compte-pour-le-moment-939e9.jpg","fifu_image_alt":"International : Le Real s'en tire \u00e0 bon compte... pour le moment","footnotes":""},"categories":[53,75],"tags":[],"class_list":["post-115468","post","type-post","status-publish","format-standard","hentry","category-algerie","category-sport"],"_links":{"self":[{"href":"https:\/\/linitiative.ca\/International\/wp-json\/wp\/v2\/posts\/115468","targetHints":{"allow":["GET"]}}],"collection":[{"href":"https:\/\/linitiative.ca\/International\/wp-json\/wp\/v2\/posts"}],"about":[{"href":"https:\/\/linitiative.ca\/International\/wp-json\/wp\/v2\/types\/post"}],"author":[{"embeddable":true,"href":"https:\/\/linitiative.ca\/International\/wp-json\/wp\/v2\/users\/1738"}],"replies":[{"embeddable":true,"href":"https:\/\/linitiative.ca\/International\/wp-json\/wp\/v2\/comments?post=115468"}],"version-history":[{"count":0,"href":"https:\/\/linitiative.ca\/International\/wp-json\/wp\/v2\/posts\/115468\/revisions"}],"wp:attachment":[{"href":"https:\/\/linitiative.ca\/International\/wp-json\/wp\/v2\/media?parent=115468"}],"wp:term":[{"taxonomy":"category","embeddable":true,"href":"https:\/\/linitiative.ca\/International\/wp-json\/wp\/v2\/categories?post=115468"},{"taxonomy":"post_tag","embeddable":true,"href":"https:\/\/linitiative.ca\/International\/wp-json\/wp\/v2\/tags?post=115468"}],"curies":[{"name":"wp","href":"https:\/\/api.w.org\/{rel}","templated":true}]}}