{"id":115470,"date":"2021-04-22T19:00:00","date_gmt":"2021-04-22T23:00:00","guid":{"rendered":"https:\/\/linitiative.ca\/International\/youssef-chahed-appelle-a-une-treve-politique-pour-se-concentrer-sur-la-lutte-contre-le-covid-et-ses-suites-en-attendant-des-elections-legislatives-anticipees\/"},"modified":"2021-04-22T19:00:00","modified_gmt":"2021-04-22T23:00:00","slug":"youssef-chahed-appelle-a-une-treve-politique-pour-se-concentrer-sur-la-lutte-contre-le-covid-et-ses-suites-en-attendant-des-elections-legislatives-anticipees","status":"publish","type":"post","link":"https:\/\/linitiative.ca\/International\/youssef-chahed-appelle-a-une-treve-politique-pour-se-concentrer-sur-la-lutte-contre-le-covid-et-ses-suites-en-attendant-des-elections-legislatives-anticipees\/","title":{"rendered":"Youssef Chahed appelle \u00e0 une tr\u00eave politique pour se concentrer sur la lutte contre le Covid et ses suites, en attendant des \u00e9lections l\u00e9gislatives anticip\u00e9es"},"content":{"rendered":"<p>L\u2019ampleur des pertes humaines caus\u00e9es par le Covid exige des dirigeants politiques de mettre de c\u00f4t\u00e9 leurs querelles marginales et d\u2019observer une tr\u00eave politique. Le temps que s&rsquo;organiseraient des \u00e9lections l\u00e9gislatives anticip\u00e9es. Prenant la posture d\u2019un chef de l\u2019opposition, c\u2019est l\u2019appel qu\u2019a lanc\u00e9 jeudi soir le leader du parti Tahya Toun\u00e8s et ancien chef du gouvernement, Youssef Chahed. S\u2019adressant aux Tunisiens par vid\u00e9o en live sur sa page facebook, il a point\u00e9 du doigt l\u2019instabilit\u00e9 politique et les tiraillements qu\u2019il rend responsables de la gestion inacceptable de la pand\u00e9mie sanitaire et ses cons\u00e9quences en vies humaines, ralentissement \u00e9conomique, pertes de sources de revenu et d\u2019emplois.<\/p>\n<p>Youssef Chahed a particuli\u00e8rement mis \u00e0 l\u2019index le retard enregistr\u00e9 dans l\u2019acquisition en quantit\u00e9s suffisantes de vaccins et le faible rythme des injections, appelant le gouvernement \u00e0 mobiliser les moyens n\u00e9cessaires en vue d\u2019y parer dans les plus brefs d\u00e9lais. Evoquant la crise \u00e9conomique et financi\u00e8re, il a affirm\u00e9 que la Tunisie n\u2019est pas arriv\u00e9e \u00e0 un stade de faillite, mais doit se h\u00e2ter de conclure ses n\u00e9gociations avec le FMI, en les abordant avec bonne pr\u00e9paration et les prendre tr\u00e8s au s\u00e9rieux.<\/p>\n<p>Compatissant avec les commer\u00e7ants, artisans, chefs d\u2019entreprises, h\u00f4teliers et autres prestataires de services p\u00e9nalis\u00e9s par le confinement et le ralentissement de leurs activit\u00e9s, voire leur cessation, il a d\u00e9clar\u00e9 qu\u2019il est inacceptable que l\u2019Etat ne leur viennent pas en aide, en leur apportant des subventions appropri\u00e9es. Dans ce m\u00eame \u00e9lan, il a invit\u00e9 les banques \u00e0 faire preuve de plus de proactivit\u00e9 et de solidarit\u00e9 avec leurs clients, professionnels et particuliers en assouplissant leurs conditions et mettant \u00e0 leur dispositions les facilit\u00e9s n\u00e9cessaires.<\/p>\n<h2>En attendant des \u00e9lections l\u00e9gislatives anticip\u00e9es\u2026<\/h2>\n<p>Youssef Chahed, coiff\u00e9 de pr\u00e8s, en plan demi serr\u00e9 sur fond d&rsquo;un salon familial agr\u00e9ment\u00e9 cepenadnt du drapeau national, est \u00e0 sa deuxi\u00e8me prise de parole en trois semaines, apr\u00e8s son interview le 2 avril courant avec Sameh Meftah, sur Carthage +.\u00a0Une f\u00e9quence accrue pour entretenir un lien avec les Tunisiens. L\u2019interview, sur la d\u00e9fensive, \u00e9tait destin\u00e9e \u00e0 se d\u00e9douaner du Jeudi noir du 27 juin 2019, \u00e9voqu\u00e9 en hypoth\u00e8ses par <a href=\"https:\/\/www.leaders.com.tn\/article\/31611-mohamed-ennaceur\">Mohamed Ennaceur dans ses m\u00e9moires<\/a>. Son adresse ce jeudi soir, a \u00e9t\u00e9 con\u00e7ue sur un ton offensif qui interpelle les gouvernants, met en garde le gouvernement contre les risques encourus par sa gestion des affaires de l\u2019Etat et prend le peuple \u00e0 t\u00e9moin.<\/p>\n<p>M\u00eame s&rsquo;il prend soin de ne pas s&rsquo;\u00e9riger ouverteement en donneur de le\u00e7on, il est clairement \u00e0 la recherche d\u2019un statut de chef de l\u2019opposition. Quitte \u00e0 glisser une phrase qui ne saurait passer inaper\u00e7ue\u00a0: mettre en sourdine les conflits au sommet de l\u2019Etat, le temps, le temps de surmonter la crise sanitaire et ses suites, et d\u2019aborder des \u00e9lections l\u00e9gislatives anticip\u00e9es, sur la base d\u2019une nouvelle loi \u00e9lectorale, et des \u00e9lections des conseils r\u00e9gionaux. Suivez mon regard, lance Youssef Chahed dans un appel du pied \u00e0 ses troupes pour se remobiliser.<br \/>\u00a0<\/p>\n<p>Auteur:<br \/>\n<a href=\"https:\/\/www.leaders.com.tn\/article\/31768-youssef-chahed-appelle-a-une-treve-politique-pour-se-concentrer-sur-la-lutte-contre-le-covid-et-ses-suites-en-attendant-des-elections-legislatives-anticipees\">Cliquez ici pour lire l&rsquo;article depuis sa source.<\/a><\/p>\n","protected":false},"excerpt":{"rendered":"<p>L\u2019ampleur des pertes humaines caus\u00e9es par le Covid exige des dirigeants politiques de mettre de c\u00f4t\u00e9 leurs querelles marginales et d\u2019observer une tr\u00eave politique. Le temps que s&rsquo;organiseraient des \u00e9lections l\u00e9gislatives anticip\u00e9es. Prenant la posture d\u2019un chef de l\u2019opposition, c\u2019est l\u2019appel qu\u2019a lanc\u00e9 jeudi soir le leader du parti Tahya Toun\u00e8s et ancien chef du [&hellip;]<\/p>\n","protected":false},"author":1772,"featured_media":0,"comment_status":"closed","ping_status":"closed","sticky":false,"template":"","format":"standard","meta":{"fifu_image_url":"","fifu_image_alt":"","footnotes":""},"categories":[73,55],"tags":[],"class_list":["post-115470","post","type-post","status-publish","format-standard","hentry","category-actualite","category-tunisie"],"_links":{"self":[{"href":"https:\/\/linitiative.ca\/International\/wp-json\/wp\/v2\/posts\/115470","targetHints":{"allow":["GET"]}}],"collection":[{"href":"https:\/\/linitiative.ca\/International\/wp-json\/wp\/v2\/posts"}],"about":[{"href":"https:\/\/linitiative.ca\/International\/wp-json\/wp\/v2\/types\/post"}],"author":[{"embeddable":true,"href":"https:\/\/linitiative.ca\/International\/wp-json\/wp\/v2\/users\/1772"}],"replies":[{"embeddable":true,"href":"https:\/\/linitiative.ca\/International\/wp-json\/wp\/v2\/comments?post=115470"}],"version-history":[{"count":0,"href":"https:\/\/linitiative.ca\/International\/wp-json\/wp\/v2\/posts\/115470\/revisions"}],"wp:attachment":[{"href":"https:\/\/linitiative.ca\/International\/wp-json\/wp\/v2\/media?parent=115470"}],"wp:term":[{"taxonomy":"category","embeddable":true,"href":"https:\/\/linitiative.ca\/International\/wp-json\/wp\/v2\/categories?post=115470"},{"taxonomy":"post_tag","embeddable":true,"href":"https:\/\/linitiative.ca\/International\/wp-json\/wp\/v2\/tags?post=115470"}],"curies":[{"name":"wp","href":"https:\/\/api.w.org\/{rel}","templated":true}]}}