{"id":115472,"date":"2021-04-23T05:23:00","date_gmt":"2021-04-23T09:23:00","guid":{"rendered":"https:\/\/linitiative.ca\/International\/cavaliers-chevaux-et-baroud-linstant-festif\/"},"modified":"2021-04-23T05:23:00","modified_gmt":"2021-04-23T09:23:00","slug":"cavaliers-chevaux-et-baroud-linstant-festif","status":"publish","type":"post","link":"https:\/\/linitiative.ca\/International\/cavaliers-chevaux-et-baroud-linstant-festif\/","title":{"rendered":"Cavaliers, chevaux et baroud: L\u2019instant festif"},"content":{"rendered":"<p><img decoding=\"async\" src=\"\/uploads\/FCK_files\/Amor-Harzallah.jpg\" width=\"20%\" vspace=\"5\" hspace=\"5\" align=\"right\" alt=\"\"\/>Tout se passe tr\u00e8s vite. Ils sont entre 7 et 21 cavaliers, pour prendre le d\u00e9part dans un \u00e9lan furtif de 200 m, \u00e0 tr\u00e8s vive allure, sous la conduite de leur chef, carabines en l\u2019air. Dans un moment inattendu, le chef donne le signal et ils tirent en l\u2019air. Feu, claquement, fum\u00e9e et odeur du baroud : l\u2019instant festif est magique.<\/p>\n<p>Ce spectacle se reproduit d\u2019ann\u00e9e en ann\u00e9e \u00e0 Al Jadida, au Maroc, \u00e0 la faveur du Salon du Cheval. Une foule nombreuse, venant de tous les coins et recoins du Royaume, n\u2019en rate aucun moment. C\u2019est aussi l\u2019occasion pour des photographes passionn\u00e9s de cheval et de traditions \u00e9questres d\u2019immortaliser des images fortes. Amor Abada Harzallah, photographe talentueux, pr\u00e9sident fondateur de l\u2019Union tunisienne des photographes, s\u2019y est assid\u00fbment rendu au cours des quatre derni\u00e8res sessions (2016 -2019), avant que le Covid ne suspende les concours. Il en a rapport\u00e9 des images fascinantes, hautes en couleur, qu\u2019il vient d\u2019exposer \u00e0 son Mus\u00e9e de la Photo, \u00e0 Ben Arous.<\/p>\n<p><img decoding=\"async\" src=\"\/uploads\/FCK_files\/Cavaliers,-chevaux-moy.jpg\" width=\"100%\" vspace=\"5\" hspace=\"5\" align=\"middle\" alt=\"\"\/><\/p>\n<p>Sous le titre de \u00ab Cavaliers et Baroud \u00bb, l\u2019exposition restitue une ambiance f\u00e9erique o\u00f9 tout se met merveilleusement en sc\u00e8ne : la beaut\u00e9 des chevaux, les prouesses des cavaliers, et le feu qui illumine le ciel avant de laisser la place \u00e0 la fum\u00e9e. Des images parlantes, qui deviennent sonores. Tout un patrimoine, sous l\u2019\u0153il d\u2019Amor Abada Harzallah. La photo revient en force. Pareille exposition, sans le moindre soutien, y contribue.<\/p>\n<p>Auteur:<br \/>\n<a href=\"https:\/\/www.leaders.com.tn\/article\/31770-cavaliers-chevaux-et-baroud-l-instant-festif\">Cliquez ici pour lire l&rsquo;article depuis sa source.<\/a><\/p>\n","protected":false},"excerpt":{"rendered":"<p>Tout se passe tr\u00e8s vite. Ils sont entre 7 et 21 cavaliers, pour prendre le d\u00e9part dans un \u00e9lan furtif de 200 m, \u00e0 tr\u00e8s vive allure, sous la conduite de leur chef, carabines en l\u2019air. Dans un moment inattendu, le chef donne le signal et ils tirent en l\u2019air. Feu, claquement, fum\u00e9e et odeur [&hellip;]<\/p>\n","protected":false},"author":1772,"featured_media":0,"comment_status":"closed","ping_status":"closed","sticky":false,"template":"","format":"standard","meta":{"fifu_image_url":"\/uploads\/FCK_files\/Amor-Harzallah.jpg","fifu_image_alt":"Cavaliers, chevaux et baroud: L\u2019instant festif","footnotes":""},"categories":[73,55],"tags":[],"class_list":["post-115472","post","type-post","status-publish","format-standard","hentry","category-actualite","category-tunisie"],"_links":{"self":[{"href":"https:\/\/linitiative.ca\/International\/wp-json\/wp\/v2\/posts\/115472","targetHints":{"allow":["GET"]}}],"collection":[{"href":"https:\/\/linitiative.ca\/International\/wp-json\/wp\/v2\/posts"}],"about":[{"href":"https:\/\/linitiative.ca\/International\/wp-json\/wp\/v2\/types\/post"}],"author":[{"embeddable":true,"href":"https:\/\/linitiative.ca\/International\/wp-json\/wp\/v2\/users\/1772"}],"replies":[{"embeddable":true,"href":"https:\/\/linitiative.ca\/International\/wp-json\/wp\/v2\/comments?post=115472"}],"version-history":[{"count":0,"href":"https:\/\/linitiative.ca\/International\/wp-json\/wp\/v2\/posts\/115472\/revisions"}],"wp:attachment":[{"href":"https:\/\/linitiative.ca\/International\/wp-json\/wp\/v2\/media?parent=115472"}],"wp:term":[{"taxonomy":"category","embeddable":true,"href":"https:\/\/linitiative.ca\/International\/wp-json\/wp\/v2\/categories?post=115472"},{"taxonomy":"post_tag","embeddable":true,"href":"https:\/\/linitiative.ca\/International\/wp-json\/wp\/v2\/tags?post=115472"}],"curies":[{"name":"wp","href":"https:\/\/api.w.org\/{rel}","templated":true}]}}