{"id":115473,"date":"2021-04-23T11:54:00","date_gmt":"2021-04-23T15:54:00","guid":{"rendered":"https:\/\/linitiative.ca\/International\/non-a-la-censure-de-nos-scientifiques-afin-de-couvrir-la-mauvaise-gestion-de-la-pandemie\/"},"modified":"2021-04-23T11:54:00","modified_gmt":"2021-04-23T15:54:00","slug":"non-a-la-censure-de-nos-scientifiques-afin-de-couvrir-la-mauvaise-gestion-de-la-pandemie","status":"publish","type":"post","link":"https:\/\/linitiative.ca\/International\/non-a-la-censure-de-nos-scientifiques-afin-de-couvrir-la-mauvaise-gestion-de-la-pandemie\/","title":{"rendered":"Non \u00e0 la censure de nos scientifiques afin de couvrir la mauvaise gestion de la pand\u00e9mie"},"content":{"rendered":"<p>Le minist\u00e8re de la Sant\u00e9 a d\u00e9cid\u00e9, dans une circulaire publi\u00e9e le 16 avril courant, de soumettre\u00a0 toute intervention des experts, des m\u00e9decins hospitalo-universitaires et des cadres de la sant\u00e9, dans les m\u00e9dias publics et sur les r\u00e9seaux sociaux, \u00e0\u00a0 son autorisation pr\u00e9alable sous peine de sanctions disciplinaires \u00e0 l\u2019encontre des\u00a0 contrevenants.<\/p>\n<p>Ces mesures stup\u00e9fiantes montrent\u00a0 que le gouvernement confond l\u2019information officielle cacophonique et lacunaire, qu\u2019il doit r\u00e9organiser de toute urgence, et l\u2019expression individuelle ou le d\u00e9bat dans les m\u00e9dias au sujet de la pr\u00e9vention, des soins et de la vaccination, qui n\u2019engagent pas le minist\u00e8re et qui doivent rester libres et sans aucune restriction.<\/p>\n<p>Les nouvelles\u00a0 dispositions r\u00e9glementaires relatives \u00e0 la communication sont venues confirmer la d\u00e9termination du gouvernement, soumis au diktat des lobbys politiques, \u00e9conomiques et financiers, \u00e0 vouloir g\u00e9rer tout seul la pand\u00e9mie sans prendre en consid\u00e9ration l\u2019avis serein\u00a0 des experts non soumis aux pressions politiques et qui se fondent sur les derniers acquis de la recherche scientifique multidisciplinaire en rapport avec la pand\u00e9mie.\u00a0 Elles s\u2019ajoutent au refus obstin\u00e9 du gouvernement de constituer le Haut conseil scientifique\u00a0 consultatif ind\u00e9pendant r\u00e9clam\u00e9, \u00e0 maintes reprises, depuis plus d\u2019un an, par la soci\u00e9t\u00e9 civile, afin qu\u2019il puisse aider les d\u00e9cideurs \u00e0 g\u00e9rer convenablement la pand\u00e9mie.<\/p>\n<p>Cette gestion autoritaire de la crise a conduit le gouvernement, r\u00e9cemment, \u00e0 constituer un comit\u00e9 scientifique pr\u00e9tendument ind\u00e9pendant mais dont les membres ont la double casquette d\u2019experts et titulaires de hautes fonctions. Ces \u00ab\u00a0\u00e9lus\u00a0\u00bb du gouvernement, qui confondent devoir de r\u00e9serve et autocensure, d\u00e9fendent publiquement, en vertu de leur statut de fonctionnaires, le point de vue du gouvernement et ils contribuent, par l\u00e0 m\u00eame, \u00e0 couvrir sa mauvaise gestion de la pand\u00e9mie\u00a0 et sa communication d\u00e9faillante.\u00a0 La liste des experts autoris\u00e9s, en vertu de la nouvelle circulaire,\u00a0 \u00e0 s\u2019exprimer en public et qui sont tous des hauts fonctionnaires du minist\u00e8re de la sant\u00e9, le prouve.<\/p>\n<p>Avec cette r\u00e9cente mesure liberticide que les r\u00e9gimes les plus autoritaires n\u2019oseraient\u00a0 pas prendre, le minist\u00e8re de la Sant\u00e9 a l\u2019intention d\u2019\u00e9touffer les voix qui d\u00e9rangent et dont l\u2019\u00e9clairage scientifique met, heureusement, \u00e0 nu les d\u00e9faillances gouvernementales dans la lutte contre la pand\u00e9mie.\u00a0<\/p>\n<p>Indign\u00e9es par la volont\u00e9 de censure du gouvernement et par les menaces de sanctions disciplinaires et p\u00e9nales \u00e0 l\u2019encontre des contrevenants \u00e0 la circulaire sc\u00e9l\u00e9rate, consid\u00e9rant qu\u2019elle constitue une atteinte grave aux libert\u00e9s acad\u00e9miques et \u00e0 la libert\u00e9 d\u2019expression garanties\u00a0 par la constitution et estimant qu\u2019elle a donn\u00e9 le coup de gr\u00e2ce \u00e0 la confiance des citoyens dans les d\u00e9cisions sanitaires relatives \u00e0 la pand\u00e9mie, les associations signataires du pr\u00e9sent communiqu\u00e9:<\/p>\n<p class=\"c3\"><span class=\"c2\"><strong>\u2022<\/strong><\/span> Appellent le gouvernement \u00e0 abroger ladite circulaire sans d\u00e9lai.<\/p>\n<p class=\"c3\"><span class=\"c2\"><strong>\u2022<\/strong><\/span> Soutiennent le Syndicat national des\u00a0 m\u00e9decins, des pharmaciens et des chirurgiens-dentistes hospitalo-universitaires et l\u2019encouragent, au cas o\u00f9 la circulaire n\u2019est pas abrog\u00e9e,\u00a0 \u00e0 pr\u00e9senter un recours\u00a0 aupr\u00e8s du Tribunal administratif pour exc\u00e8s de pouvoir et en raison du caract\u00e8re ill\u00e9gal et anticonstitutionnel de la d\u00e9cision du minist\u00e8re.<\/p>\n<p class=\"c3\"><span class=\"c2\"><strong>\u2022<\/strong><\/span> Saluent la prise de position du conseil de l\u2019Ordre des m\u00e9decins qui a affirm\u00e9 son attachement \u00e0 la libert\u00e9 d\u2019expression des m\u00e9decins qui sont en droit de prendre position en toute ind\u00e9pendance et de ne consid\u00e9rer, dans l\u2019exercice de leur devoir, que l\u2019\u00e9thique de leur profession.<\/p>\n<p class=\"c3\"><span class=\"c2\"><strong>\u2022<\/strong><\/span> Soutiennent\u00a0 toute comp\u00e9tence m\u00e9dicale qui, conform\u00e9ment\u00a0 au serment\u00a0 d\u2019Hippocrate, apporte, en toute ind\u00e9pendance, au moyen des conseils \u00e9tay\u00e9s par la connaissance, l\u2019assistance n\u00e9cessaire aux malades qui en ont besoin et ceux qui sont menac\u00e9s par la maladie. Ces comp\u00e9tences ont le droit d\u2019avoir le verbe haut, de donner leur avis qui ne les engageront qu\u2019elles seules et qui restera soumis uniquement \u00e0 l\u2019autorit\u00e9 du Conseil de l\u2019Ordre qui veille sur le respect de la d\u00e9ontologie.<\/p>\n<p class=\"c3\"><span class=\"c2\"><strong>\u2022<\/strong><\/span> Appellent, en raison de la volont\u00e9 de censure et du refus de l\u2019\u00e9coute des comp\u00e9tences ind\u00e9pendantes pr\u00e9cit\u00e9es, les universitaires et les praticiens\u00a0 ind\u00e9pendants exer\u00e7ant dans des sp\u00e9cialit\u00e9s en rapport avec la nature de la pand\u00e9mie \u00e0\u00a0 constituer, sous l\u2019\u00e9gide du Conseil national de l\u2019Ordre des m\u00e9decins et du Syndicat national des m\u00e9decins, des pharmaciens et des chirurgiens-dentistes hospitalo-universitaires, une \u2018\u2019Coordination scientifique\u2019\u2019 qui se chargera d\u2019\u00e9valuer la politique gouvernementale face \u00e0 l\u2019\u00e9pid\u00e9mie et de prot\u00e9ger les citoyens en leur fournissant, par tous les moyens disponibles et l\u00e9gaux, l\u2019information et les conseils n\u00e9cessaires pendant toute la dur\u00e9e de la crise sanitaire.<\/p>\n<p><span class=\"c4\"><strong>Les organisations signataires<\/strong><\/span><\/p>\n<p><span class=\"c2\"><strong>\u2022<\/strong><\/span> Association Attalaki pour la libert\u00e9 et l\u2019\u00e9galit\u00e9<\/p>\n<p><span class=\"c2\"><strong>\u2022<\/strong><\/span> Association Citoyennet\u00e9, D\u00e9veloppement, Cultures &amp; Migrations Des Deux Rives<\/p>\n<p><span class=\"c2\"><strong>\u2022<\/strong><\/span> Association de solidarit\u00e9 civique \u2013 Tunisie<\/p>\n<p><span class=\"c2\"><strong>\u2022<\/strong><\/span> Association des femmes tunisienne pour la recherche sur le d\u00e9veloppement<\/p>\n<p><span class=\"c2\"><strong>\u2022<\/strong><\/span> Association du droit \u00e0 la diff\u00e9rence<\/p>\n<p><span class=\"c2\"><strong>\u2022<\/strong><\/span> Association \u00e9dification de la culture de la citoyennet\u00e9<\/p>\n<p><span class=\"c2\"><strong>\u2022<\/strong><\/span> Association La Manouba pour les monuments et la culture<\/p>\n<p><span class=\"c2\"><strong>\u2022<\/strong><\/span> Association m\u00e9diterran\u00e9enne pour la p\u00e9dagogie et la citoyennet\u00e9<\/p>\n<p><span class=\"c2\"><strong>\u2022<\/strong><\/span> Association pour le d\u00e9veloppement et les \u00e9tudes strat\u00e9giques de M\u00e9denine<\/p>\n<p><span class=\"c2\"><strong>\u2022<\/strong><\/span> Association Tunisienne d&rsquo;Action Culturelle<\/p>\n<p><span class=\"c2\"><strong>\u2022<\/strong><\/span> Association tunisienne de d\u00e9fense des libert\u00e9s individuelles<\/p>\n<p><span class=\"c2\"><strong>\u2022<\/strong><\/span> Association Wachm<\/p>\n<p><span class=\"c2\"><strong>\u2022<\/strong><\/span> Centre de Tunis pour la libert\u00e9 de la presse<\/p>\n<p><span class=\"c2\"><strong>\u2022<\/strong><\/span> Coalition tunisienne pour l\u2019abolition de la peine de mort<\/p>\n<p><span class=\"c2\"><strong>\u2022<\/strong><\/span> Forum Attajdid pour la pens\u00e9e progressiste<\/p>\n<p><span class=\"c2\"><strong>\u2022<\/strong><\/span> Free Sight Association<\/p>\n<p><span class=\"c2\"><strong>\u2022<\/strong><\/span> L\u2019Association Arts et Cultures des deux Rives<\/p>\n<p><span class=\"c2\"><strong>\u2022<\/strong><\/span> La Fondation Hassen Saadaoui pour la d\u00e9mocratie et l&rsquo;\u00e9galit\u00e9<\/p>\n<p><span class=\"c2\"><strong>\u2022<\/strong><\/span> La ligue des \u00e9lectrices tunisiennes<\/p>\n<p><span class=\"c2\"><strong>\u2022<\/strong><\/span> L&rsquo;association L&rsquo;ART RUE<\/p>\n<p><span class=\"c2\"><strong>\u2022<\/strong><\/span> L&rsquo;association Tunisienne de Pr\u00e9vention positive<\/p>\n<p><span class=\"c2\"><strong>\u2022<\/strong><\/span> L&rsquo;Association tunisienne de soutien aux minorit\u00e9s<\/p>\n<p><span class=\"c2\"><strong>\u2022<\/strong><\/span> Le Comit\u00e9 de Vigilance pour la D\u00e9mocratie en Tunisie \u2013 Belgique<\/p>\n<p><span class=\"c2\"><strong>\u2022<\/strong><\/span> Ligue tunisienne de d\u00e9fense des droits de l\u2019homme<\/p>\n<p><span class=\"c2\"><strong>\u2022<\/strong><\/span> Nachaz-Dissonances<\/p>\n<p><span class=\"c2\"><strong>\u2022<\/strong><\/span> Observatoire national pour la d\u00e9fense du caract\u00e8re civil de l\u2019Etat<\/p>\n<p><span class=\"c2\"><strong>\u2022<\/strong><\/span> Organisation 23_10 de Soutien au Processus de la Transition D\u00e9mocratique<\/p>\n<p><span class=\"c2\"><strong>\u2022<\/strong><\/span> Organisation contre la torture en Tunisie<\/p>\n<p><span class=\"c2\"><strong>\u2022<\/strong><\/span> Organisation du martyr de la libert\u00e9 Nabil Barakati : Souvenir &amp; fid\u00e9lit\u00e9<\/p>\n<p><span class=\"c2\"><strong>\u2022<\/strong><\/span> Syndicat national des journalistes tunisiens<\/p>\n<p><span class=\"c2\"><strong>\u2022<\/strong><\/span> Tunisian forum for youth<\/p>\n<p><span class=\"c2\"><strong>\u2022<\/strong><\/span> Association tunisienne de d\u00e9fense des valeurs universitaires<\/p>\n<p><span class=\"c2\"><strong>\u2022<\/strong><\/span> Association Vigilance pour la d\u00e9mocratie et l\u2019Etat civique<\/p>\n<p><span class=\"c2\"><strong>\u2022<\/strong><\/span> Comit\u00e9 pour le respect des libert\u00e9s et des droits de l\u2019homme en Tunisie<\/p>\n<p>Auteur:<br \/>\n<a href=\"https:\/\/www.leaders.com.tn\/article\/31771-le-ministere-de-la-sante-cherche-par-la-censure-a-museler-nos-scientifiques-afin-de-couvrir-sa-mauvaise-gestion-de-la-pandemie\">Cliquez ici pour lire l&rsquo;article depuis sa source.<\/a><\/p>\n","protected":false},"excerpt":{"rendered":"<p>Le minist\u00e8re de la Sant\u00e9 a d\u00e9cid\u00e9, dans une circulaire publi\u00e9e le 16 avril courant, de soumettre\u00a0 toute intervention des experts, des m\u00e9decins hospitalo-universitaires et des cadres de la sant\u00e9, dans les m\u00e9dias publics et sur les r\u00e9seaux sociaux, \u00e0\u00a0 son autorisation pr\u00e9alable sous peine de sanctions disciplinaires \u00e0 l\u2019encontre des\u00a0 contrevenants. Ces mesures stup\u00e9fiantes [&hellip;]<\/p>\n","protected":false},"author":1772,"featured_media":0,"comment_status":"closed","ping_status":"closed","sticky":false,"template":"","format":"standard","meta":{"fifu_image_url":"","fifu_image_alt":"","footnotes":""},"categories":[73,55],"tags":[],"class_list":["post-115473","post","type-post","status-publish","format-standard","hentry","category-actualite","category-tunisie"],"_links":{"self":[{"href":"https:\/\/linitiative.ca\/International\/wp-json\/wp\/v2\/posts\/115473","targetHints":{"allow":["GET"]}}],"collection":[{"href":"https:\/\/linitiative.ca\/International\/wp-json\/wp\/v2\/posts"}],"about":[{"href":"https:\/\/linitiative.ca\/International\/wp-json\/wp\/v2\/types\/post"}],"author":[{"embeddable":true,"href":"https:\/\/linitiative.ca\/International\/wp-json\/wp\/v2\/users\/1772"}],"replies":[{"embeddable":true,"href":"https:\/\/linitiative.ca\/International\/wp-json\/wp\/v2\/comments?post=115473"}],"version-history":[{"count":0,"href":"https:\/\/linitiative.ca\/International\/wp-json\/wp\/v2\/posts\/115473\/revisions"}],"wp:attachment":[{"href":"https:\/\/linitiative.ca\/International\/wp-json\/wp\/v2\/media?parent=115473"}],"wp:term":[{"taxonomy":"category","embeddable":true,"href":"https:\/\/linitiative.ca\/International\/wp-json\/wp\/v2\/categories?post=115473"},{"taxonomy":"post_tag","embeddable":true,"href":"https:\/\/linitiative.ca\/International\/wp-json\/wp\/v2\/tags?post=115473"}],"curies":[{"name":"wp","href":"https:\/\/api.w.org\/{rel}","templated":true}]}}