{"id":115475,"date":"2021-04-23T16:28:39","date_gmt":"2021-04-23T20:28:39","guid":{"rendered":"https:\/\/linitiative.ca\/International\/la-solution-gouvernementale-pour-les-dettes-touristiques-sera-t-elle-la-confiscation-des-hotels\/"},"modified":"2021-04-23T16:28:39","modified_gmt":"2021-04-23T20:28:39","slug":"la-solution-gouvernementale-pour-les-dettes-touristiques-sera-t-elle-la-confiscation-des-hotels","status":"publish","type":"post","link":"https:\/\/linitiative.ca\/International\/la-solution-gouvernementale-pour-les-dettes-touristiques-sera-t-elle-la-confiscation-des-hotels\/","title":{"rendered":"La solution gouvernementale pour les dettes touristiques sera-t-elle la confiscation des h\u00f4tels ?"},"content":{"rendered":"<div class=\"post-cont-in left relative\">\n<div id=\"post-info-wrap\" class=\"left relative post-info-out\">\n<div class=\"post-info-img left relative\"><img decoding=\"async\" alt=\"\" src=\"https:\/\/secure.gravatar.com\/avatar\/b658f27b24160a89d557421a966e5ca1?s=50&amp;d=mm&amp;r=g\" srcset=\"https:\/\/secure.gravatar.com\/avatar\/b658f27b24160a89d557421a966e5ca1?s=100&amp;d=mm&amp;r=g 2x\" class=\"avatar avatar-50 photo\" height=\"50\" width=\"50\" loading=\"lazy\"\/><\/div>\n<div class=\"post-info-in\">\n<div class=\"post-info-right left relative post-info-name left relative\"><span><span class=\"post-info-text\">Par<\/span> <span class=\"author-name vcard fn author\"><a href=\"https:\/\/www.tunisienumerique.com\/author\/htb\/\" title=\"Articles par Mohamed Ben Abderrazek\" rel=\"author\">Mohamed Ben Abderrazek<\/a><\/span><\/span> <span class=\"post-date updated\"><time class=\"post-date updated\" datetime=\"2021-04-23\">\u00a0| Il y a 7 secondes<\/time><\/span><br \/>\n<meta itemprop=\"dateModified\" content=\"2021-04-23\"\/><\/div>\n<div class=\"left relative\"><button id=\"listenButton1\" class=\"responsivevoice-button\" type=\"button\" value=\"Play\" title=\"\u00c9coutez l'article\"><span>\ud83d\udd0a \u00c9coutez l&rsquo;article<\/span><\/button>\n<\/div>\n<\/div>\n<\/div>\n<p>Le ministre du Tourisme, Habib Ammar s\u2019est r\u00e9uni aujourd\u2019hui vendredi 23 avril 2021 avec des responsables financiers et les pr\u00e9sidents et repr\u00e9sentants des f\u00e9d\u00e9rations professionnelles du tourisme et des activit\u00e9s connexes pour pr\u00e9parer une r\u00e9union prochaine, regroupant toutes les parties prenantes du secteur touristique et les \u00e9tablissements bancaires et financiers concern\u00e9es afin d\u2019identifier des solutions d\u00e9finitives \u00e0 l\u2019endettement structurel des \u00e9tablissements touristiques, selon le minist\u00e8re.<\/p>\n<div class=\"code-block code-block-1 c4\">\n <ins class=\"adsbygoogle c3\" data-ad-layout=\"in-article\" data-ad-format=\"fluid\" data-ad-client=\"ca-pub-2102118777505746\" data-ad-slot=\"7301775417\"\/>\n<\/div>\n<p>La r\u00e9union a permis, entre autres, de concevoir les d\u00e9marches permettant de trouver les pistes ad\u00e9quates pour r\u00e9duire l\u2019endettement des \u00e9tablissements touristiques aupr\u00e8s des banques tunisiennes.<\/p>\n<p>Au cours la s\u00e9ance du travail, les responsables ont pass\u00e9 en revue les difficult\u00e9s rencontr\u00e9es par le secteur du tourisme, depuis 2011, notamment pendant cette conjoncture difficile marqu\u00e9e par la pand\u00e9mie du coronavirus, ce qui a provoqu\u00e9 la suspension de l\u2019activit\u00e9 touristique et l\u2019aggravation de l\u2019endettement du secteur.<\/p>\n<p>En outre, ils ont \u00e9valu\u00e9 le niveau de la mise en \u0153uvre de la d\u00e9cision gouvernementale relative \u00e0 l\u2019octroi de pr\u00eats aux \u00e9tablissements touristiques, dans le cadre des mesures approuv\u00e9es lors du Conseil minist\u00e9riel restreint, tenu le 6 novembre 2020.<\/p>\n<p>Selon le dernier bulletin des statistiques financi\u00e8res de la Banque Centrale de Tunisie N\u00b0 213 du mois de janvier 2021, l\u2019encours des cr\u00e9dits \u00ab H\u00f4tels et Restaurants \u00bb, qui composent la masse critique des engagements du secteur touristique est de 4630,8 millions de dinars (MD) r\u00e9partis entre les cr\u00e9dits \u00e0 court terme pour 1944.4 MD et 2686.9 MD en ce qui concerne les cr\u00e9dits \u00e0 moyen et long terme.<\/p>\n<p>Selon les sp\u00e9cialistes du secteur, 2,7 milliards de dinars des dettes du secteur touristiques sont des cr\u00e9ances class\u00e9es alors que les cr\u00e9ances litigieuses sont \u00e9valu\u00e9es \u00e0 1.6 milliards de dinars.<\/p>\n<p>Toujours selon les sp\u00e9cialistes, il est presque certain que les autorit\u00e9s cherchent pour liquider la situation \u00e0 aller dans la piste de la cr\u00e9ation d\u2019une soci\u00e9t\u00e9 de gestion d\u2019actifs dont la loi d\u2019instauration a \u00e9t\u00e9 rejet\u00e9e par la constituante en 2014 vu le flou qui entoure son fonctionnement et les intervenants dans son capital.<\/p>\n<p>La cr\u00e9ation d\u2019une soci\u00e9t\u00e9 de gestion d\u2019actifs (Asset Management Company \u2013 AMC) a soulev\u00e9 \u00e0 l\u2019\u00e9poque une vive pol\u00e9mique du fait que le projet de loi de son instauration pr\u00e9voit le rachat par cette soci\u00e9t\u00e9 des unit\u00e9s h\u00f4teli\u00e8res endett\u00e9es aupr\u00e8s des banques \u00e0 50% de la valeur de la cr\u00e9ance impay\u00e9e contre l\u2019abandon de celle-ci par la banque outre la possibilit\u00e9 de changer la vocation des \u00e9tablissements h\u00f4teliers en projets immobiliers.<\/p>\n<p>Des fonds qui se proclament comme des fonds d\u2019investissement en capital manifestent toujours un grand int\u00e9r\u00eat pour le rachat des h\u00f4tels surendett\u00e9s qui se comptent par centaines.<\/p>\n<p>L\u2019op\u00e9ration est, dans son ensemble, par une large frange d\u2019\u00e9conomistes et de sp\u00e9cialistes financiers comme un simple montage de confiscation du secteur touristique qui sera \u00e9tendue progressivement aux autres secteurs \u00e9conomiques et ce, d\u2019apr\u00e8s les dispositions du projet abandonn\u00e9 en 2014 de la cr\u00e9ation de la soci\u00e9t\u00e9 de gestion d\u2019actifs.<\/p>\n<div class=\"swp_social_panel swp_horizontal_panel swp_flat_fresh swp_default_full_color swp_individual_full_color swp_other_full_color scale-100 scale-\" data-min-width=\"1100\" data-float-color=\"#ffffff\" data-float=\"bottom\" data-float-mobile=\"bottom\" data-transition=\"slide\">\n<div class=\"nc_tweetContainer swp_share_button total_shares total_sharesalt\"><span class=\"swp_count\">0 <span class=\"swp_label\">Partages<\/span><\/span><\/div>\n<\/div>\n<p><strong>Que se passe-t-il en Tunisie?<\/strong><br \/>Nous expliquons sur notre <a href=\"https:\/\/www.youtube.com\/channel\/UCRzypVq0B_yBad5eGrwBx0Q?sub_confirmation=1\" target=\"_blank\" rel=\"noopener\">cha\u00eene YouTube<\/a> . <a href=\"https:\/\/www.youtube.com\/channel\/UCRzypVq0B_yBad5eGrwBx0Q?sub_confirmation=1\" target=\"_blank\" rel=\"noopener\">Abonnez-vous!<\/a><\/p>\n<div class=\"mvp-org-wrap\" itemprop=\"publisher\">\n<div class=\"mvp-org-logo\" itemprop=\"logo\"><img decoding=\"async\" src=\"https:\/\/www.tunisienumerique.com\/wp-content\/uploads\/2017\/02\/logo_tunisie_numerique.png\"\/><br \/>\n<meta itemprop=\"url\" content=\"https:\/\/www.tunisienumerique.com\/wp-content\/uploads\/2017\/02\/logo_tunisie_numerique.png\"\/><\/div>\n<p><meta content=\"Tunisie\"\/><\/div>\n<div class=\"post-tags\"><span class=\"post-tags-header\">Sujets Connexes:<\/span><\/div>\n<div id=\"article-ad\">\n <ins class=\"adsbygoogle c5\" data-ad-client=\"ca-pub-2102118777505746\" data-ad-slot=\"6513972734\" data-ad-format=\"auto\" data-full-width-responsive=\"true\"\/>\n<\/div>\n<\/div>\n<div id=\"post-sidebar-wrap\">\n <ins class=\"adsbygoogle c5\" data-ad-client=\"ca-pub-2102118777505746\" data-ad-slot=\"6168283410\" data-ad-format=\"auto\" data-full-width-responsive=\"true\"\/>\n<\/div>\n<p>Auteur: Mohamed Ben Abderrazek<br \/>\n<a href=\"https:\/\/www.tunisienumerique.com\/la-solution-gouvernementale-pour-les-dettes-touristiques-sera-t-elle-la-confiscation-des-hotels\/\">Cliquez ici pour lire l&rsquo;article depuis sa source.<\/a><\/p>\n","protected":false},"excerpt":{"rendered":"<p>Par Mohamed Ben Abderrazek \u00a0| Il y a 7 secondes \ud83d\udd0a \u00c9coutez l&rsquo;article Le ministre du Tourisme, Habib Ammar s\u2019est r\u00e9uni aujourd\u2019hui vendredi 23 avril 2021 avec des responsables financiers et les pr\u00e9sidents et repr\u00e9sentants des f\u00e9d\u00e9rations professionnelles du tourisme et des activit\u00e9s connexes pour pr\u00e9parer une r\u00e9union prochaine, regroupant toutes les parties prenantes du [&hellip;]<\/p>\n","protected":false},"author":1789,"featured_media":0,"comment_status":"closed","ping_status":"closed","sticky":false,"template":"","format":"standard","meta":{"fifu_image_url":"https:\/\/secure.gravatar.com\/avatar\/b658f27b24160a89d557421a966e5ca1?s=50&d=mm&r=g","fifu_image_alt":"La solution gouvernementale pour les dettes touristiques sera-t-elle la confiscation des h\u00f4tels ?","footnotes":""},"categories":[73,55],"tags":[],"class_list":["post-115475","post","type-post","status-publish","format-standard","hentry","category-actualite","category-tunisie"],"_links":{"self":[{"href":"https:\/\/linitiative.ca\/International\/wp-json\/wp\/v2\/posts\/115475","targetHints":{"allow":["GET"]}}],"collection":[{"href":"https:\/\/linitiative.ca\/International\/wp-json\/wp\/v2\/posts"}],"about":[{"href":"https:\/\/linitiative.ca\/International\/wp-json\/wp\/v2\/types\/post"}],"author":[{"embeddable":true,"href":"https:\/\/linitiative.ca\/International\/wp-json\/wp\/v2\/users\/1789"}],"replies":[{"embeddable":true,"href":"https:\/\/linitiative.ca\/International\/wp-json\/wp\/v2\/comments?post=115475"}],"version-history":[{"count":0,"href":"https:\/\/linitiative.ca\/International\/wp-json\/wp\/v2\/posts\/115475\/revisions"}],"wp:attachment":[{"href":"https:\/\/linitiative.ca\/International\/wp-json\/wp\/v2\/media?parent=115475"}],"wp:term":[{"taxonomy":"category","embeddable":true,"href":"https:\/\/linitiative.ca\/International\/wp-json\/wp\/v2\/categories?post=115475"},{"taxonomy":"post_tag","embeddable":true,"href":"https:\/\/linitiative.ca\/International\/wp-json\/wp\/v2\/tags?post=115475"}],"curies":[{"name":"wp","href":"https:\/\/api.w.org\/{rel}","templated":true}]}}