{"id":115479,"date":"2021-04-23T17:09:43","date_gmt":"2021-04-23T21:09:43","guid":{"rendered":"https:\/\/linitiative.ca\/International\/tunisie-le-chef-du-gouvernement-recoit-lambassadeur-de-france-en-tunisie\/"},"modified":"2021-04-23T17:09:43","modified_gmt":"2021-04-23T21:09:43","slug":"tunisie-le-chef-du-gouvernement-recoit-lambassadeur-de-france-en-tunisie","status":"publish","type":"post","link":"https:\/\/linitiative.ca\/International\/tunisie-le-chef-du-gouvernement-recoit-lambassadeur-de-france-en-tunisie\/","title":{"rendered":"Tunisie : Le Chef du gouvernement re\u00e7oit l\u2019Ambassadeur de France en Tunisie"},"content":{"rendered":"<div class=\"post-cont-in left relative\">\n<div id=\"post-info-wrap\" class=\"left relative post-info-out\">\n<div class=\"post-info-img left relative\"><img decoding=\"async\" alt=\"\" src=\"https:\/\/secure.gravatar.com\/avatar\/ea481d7287ad38ca1787f44b5bb1b70e?s=50&amp;d=mm&amp;r=g\" srcset=\"https:\/\/secure.gravatar.com\/avatar\/ea481d7287ad38ca1787f44b5bb1b70e?s=100&amp;d=mm&amp;r=g 2x\" class=\"avatar avatar-50 photo\" height=\"50\" width=\"50\" loading=\"lazy\"\/><\/div>\n<div class=\"post-info-in\">\n<div class=\"post-info-right left relative post-info-name left relative\"><span><span class=\"post-info-text\">Par<\/span> <span class=\"author-name vcard fn author\"><a href=\"https:\/\/www.tunisienumerique.com\/author\/rania-ben-slimane\/\" title=\"Articles par rania ben slimane\" rel=\"author\">rania ben slimane<\/a><\/span><\/span> <span class=\"post-date updated\"><time class=\"post-date updated\" datetime=\"2021-04-23\">\u00a0| Il y a 6 secondes<\/time><\/span><br \/>\n<meta itemprop=\"dateModified\" content=\"2021-04-23\"\/><\/div>\n<div class=\"left relative\"><button id=\"listenButton1\" class=\"responsivevoice-button\" type=\"button\" value=\"Play\" title=\"\u00c9coutez l'article\"><span>\ud83d\udd0a \u00c9coutez l&rsquo;article<\/span><\/button>\n<\/div>\n<\/div>\n<\/div>\n<p>Le Chef du gouvernement, Hichem Mechichi a re\u00e7u le vendredi 23 avril 2021 au Palais du Gouvernement \u00e0 la Kasbah, l\u2019ambassadeur de France en Tunisie, Andr\u00e9 Parant.<\/p>\n<div class=\"code-block code-block-1 c4\">\n <ins class=\"adsbygoogle c3\" data-ad-layout=\"in-article\" data-ad-format=\"fluid\" data-ad-client=\"ca-pub-2102118777505746\" data-ad-slot=\"7301775417\"\/>\n<\/div>\n<p>Mr. Mechichi a soulign\u00e9 que la Tunisie, comme le reste du monde, traverse une situation \u00e9conomique difficile en raison des r\u00e9percussions de la pand\u00e9mie Corona, ajoutant que le gouvernement tient \u00e0 cr\u00e9er une nouvelle dynamique \u00e9conomique en partenariat avec les organisations nationales et aves les pays alli\u00e9s \u00e0 la Tunisie.<\/p>\n<p>Il a \u00e9galement pr\u00e9sent\u00e9 un briefing sur le programme de r\u00e9forme \u00e9conomique que le gouvernement avait mis en place en partenariat avec des organisations nationales et des experts \u00e9conomiques, avant de le pr\u00e9senter au Fonds Mon\u00e9taire International pour mobiliser les ressources financi\u00e8res n\u00e9cessaires \u00e0 sa mise en \u0153uvre.<\/p>\n<p>De son c\u00f4t\u00e9, l\u2019ambassadeur de France a affirm\u00e9 le soutien de son pays au gouvernement tunisien quant \u00e0 l\u2019initiative du dialogue avec les organisations nationales et la mise en \u0153uvre des reformes structurelles qu\u2019il entend lancer, notamment dans le domaine des finances publiques.<\/p>\n<p>La r\u00e9union a \u00e9t\u00e9 \u00e9galement l\u2019occasion pour discuter les derniers pr\u00e9paratifs du sommet de la Francophonie qui se tiendra sur l\u2019\u00eele de Djerba les 20 et 21 novembre 2021.<\/p>\n<div class=\"swp_social_panel swp_horizontal_panel swp_flat_fresh swp_default_full_color swp_individual_full_color swp_other_full_color scale-100 scale-\" data-min-width=\"1100\" data-float-color=\"#ffffff\" data-float=\"bottom\" data-float-mobile=\"bottom\" data-transition=\"slide\">\n<div class=\"nc_tweetContainer swp_share_button total_shares total_sharesalt\"><span class=\"swp_count\">0 <span class=\"swp_label\">Partages<\/span><\/span><\/div>\n<\/div>\n<p><strong>Que se passe-t-il en Tunisie?<\/strong><br \/>Nous expliquons sur notre <a href=\"https:\/\/www.youtube.com\/channel\/UCRzypVq0B_yBad5eGrwBx0Q?sub_confirmation=1\" target=\"_blank\" rel=\"noopener\">cha\u00eene YouTube<\/a> . <a href=\"https:\/\/www.youtube.com\/channel\/UCRzypVq0B_yBad5eGrwBx0Q?sub_confirmation=1\" target=\"_blank\" rel=\"noopener\">Abonnez-vous!<\/a><\/p>\n<div class=\"mvp-org-wrap\" itemprop=\"publisher\">\n<div class=\"mvp-org-logo\" itemprop=\"logo\"><img decoding=\"async\" src=\"https:\/\/www.tunisienumerique.com\/wp-content\/uploads\/2017\/02\/logo_tunisie_numerique.png\"\/><br \/>\n<meta itemprop=\"url\" content=\"https:\/\/www.tunisienumerique.com\/wp-content\/uploads\/2017\/02\/logo_tunisie_numerique.png\"\/><\/div>\n<p><meta content=\"Tunisie\"\/><\/div>\n<div class=\"mvp-related-posts left relative\">\n<h4 class=\"post-header\"><span class=\"post-header\">Lire aussi<\/span><\/h4>\n<\/div>\n<div id=\"article-ad\">\n <ins class=\"adsbygoogle c5\" data-ad-client=\"ca-pub-2102118777505746\" data-ad-slot=\"6513972734\" data-ad-format=\"auto\" data-full-width-responsive=\"true\"\/>\n<\/div>\n<\/div>\n<div id=\"post-sidebar-wrap\">\n <ins class=\"adsbygoogle c5\" data-ad-client=\"ca-pub-2102118777505746\" data-ad-slot=\"6168283410\" data-ad-format=\"auto\" data-full-width-responsive=\"true\"\/>\n<\/div>\n<p>Auteur: rania ben slimane<br \/>\n<a href=\"https:\/\/www.tunisienumerique.com\/tunisie-le-chef-du-gouvernement-recoit-lambassadeur-de-france-en-tunisie\/\">Cliquez ici pour lire l&rsquo;article depuis sa source.<\/a><\/p>\n","protected":false},"excerpt":{"rendered":"<p>Par rania ben slimane \u00a0| Il y a 6 secondes \ud83d\udd0a \u00c9coutez l&rsquo;article Le Chef du gouvernement, Hichem Mechichi a re\u00e7u le vendredi 23 avril 2021 au Palais du Gouvernement \u00e0 la Kasbah, l\u2019ambassadeur de France en Tunisie, Andr\u00e9 Parant. Mr. Mechichi a soulign\u00e9 que la Tunisie, comme le reste du monde, traverse une situation [&hellip;]<\/p>\n","protected":false},"author":1789,"featured_media":0,"comment_status":"closed","ping_status":"closed","sticky":false,"template":"","format":"standard","meta":{"fifu_image_url":"https:\/\/secure.gravatar.com\/avatar\/ea481d7287ad38ca1787f44b5bb1b70e?s=50&d=mm&r=g","fifu_image_alt":"Tunisie : Le Chef du gouvernement re\u00e7oit l\u2019Ambassadeur de France en Tunisie","footnotes":""},"categories":[73,55],"tags":[],"class_list":["post-115479","post","type-post","status-publish","format-standard","hentry","category-actualite","category-tunisie"],"_links":{"self":[{"href":"https:\/\/linitiative.ca\/International\/wp-json\/wp\/v2\/posts\/115479","targetHints":{"allow":["GET"]}}],"collection":[{"href":"https:\/\/linitiative.ca\/International\/wp-json\/wp\/v2\/posts"}],"about":[{"href":"https:\/\/linitiative.ca\/International\/wp-json\/wp\/v2\/types\/post"}],"author":[{"embeddable":true,"href":"https:\/\/linitiative.ca\/International\/wp-json\/wp\/v2\/users\/1789"}],"replies":[{"embeddable":true,"href":"https:\/\/linitiative.ca\/International\/wp-json\/wp\/v2\/comments?post=115479"}],"version-history":[{"count":0,"href":"https:\/\/linitiative.ca\/International\/wp-json\/wp\/v2\/posts\/115479\/revisions"}],"wp:attachment":[{"href":"https:\/\/linitiative.ca\/International\/wp-json\/wp\/v2\/media?parent=115479"}],"wp:term":[{"taxonomy":"category","embeddable":true,"href":"https:\/\/linitiative.ca\/International\/wp-json\/wp\/v2\/categories?post=115479"},{"taxonomy":"post_tag","embeddable":true,"href":"https:\/\/linitiative.ca\/International\/wp-json\/wp\/v2\/tags?post=115479"}],"curies":[{"name":"wp","href":"https:\/\/api.w.org\/{rel}","templated":true}]}}