{"id":115480,"date":"2021-04-22T17:07:56","date_gmt":"2021-04-22T21:07:56","guid":{"rendered":"https:\/\/linitiative.ca\/International\/validation-de-linformation-financiere-les-experts-comptables-offrent-leurs-services\/"},"modified":"2021-04-22T17:07:56","modified_gmt":"2021-04-22T21:07:56","slug":"validation-de-linformation-financiere-les-experts-comptables-offrent-leurs-services","status":"publish","type":"post","link":"https:\/\/linitiative.ca\/International\/validation-de-linformation-financiere-les-experts-comptables-offrent-leurs-services\/","title":{"rendered":"Validation de l\u2019information financi\u00e8re: les experts comptables offrent leurs services"},"content":{"rendered":"<div class=\"td-post-featured-image\"><a href=\"https:\/\/www.sidwaya.info\/wp-content\/uploads\/2021\/04\/pm023.jpg\" data-caption=\"\"><img loading=\"lazy\" decoding=\"async\" width=\"567\" height=\"334\" class=\"entry-thumb td-modal-image\" src=\"https:\/\/www.sidwaya.info\/wp-content\/uploads\/2021\/04\/pm023.jpg\" srcset=\"https:\/\/www.sidwaya.info\/wp-content\/uploads\/2021\/04\/pm023.jpg 567w, https:\/\/www.sidwaya.info\/wp-content\/uploads\/2021\/04\/pm023-300x177.jpg 300w, https:\/\/www.sidwaya.info\/wp-content\/uploads\/2021\/04\/pm023-150x88.jpg 150w\" sizes=\"auto, (max-width: 567px) 100vw, 567px\" alt=\"\" title=\"pm023\"\/><\/a><\/div>\n<p><strong>Le Premier ministre, Christophe Joseph Marie Dabir\u00e9, a re\u00e7u en audience, le jeudi 22 avril 2021, \u00e0 Ouagadougou, l\u2019Ordre des experts comptables et des comptables agr\u00e9\u00e9s du Burkina Faso.<\/strong><\/p>\n<p>L\u2019Ordre des experts comptables et des comptables agr\u00e9\u00e9s du Burkina Faso veut se placer au c\u0153ur du dispositif institutionnel en termes de validation de l\u2019information financi\u00e8re. Le bureau de l\u2019Ordre l\u2019a signifi\u00e9 au Premier ministre, Christophe Joseph Marie Dabir\u00e9, au cours d\u2019une audience qu\u2019il lui a accord\u00e9e, le jeudi 22 avril 2021 \u00e0 la Primature. A sa sortie d\u2019audience, le pr\u00e9sident de l\u2019Ordre, Yacouba Traor\u00e9, a confi\u00e9 que de nombreux sujets ont \u00e9t\u00e9 abord\u00e9s au cours des \u00e9changes, notamment la contribution de sa structure au d\u00e9veloppement \u00e9conomique du Burkina Faso. \u00ab L\u2019Ordre des experts comptables et des comptables agr\u00e9\u00e9s ambitionne de mettre en place une strat\u00e9gie. Celle-ci consiste \u00e0 placer l\u2019Ordre au c\u0153ur du dispositif institutionnel dans la validation de l\u2019information financi\u00e8re, mais aussi de respect de l\u2019int\u00e9r\u00eat public, constitu\u00e9 par la qualit\u00e9 de la production et de la s\u00e9curit\u00e9 de cette information financi\u00e8re \u00bb, a-t-il soutenu. Pour ce faire, il a indiqu\u00e9 que l\u2019accompagnement des autorit\u00e9s, notamment du Premier ministre est n\u00e9cessaire, d\u2019o\u00f9 cette audience pour lui pr\u00e9senter le bureau et les missions de l\u2019Ordre.<br \/>Le bureau de l\u2019Ordre des experts comptables et des comptables agr\u00e9\u00e9s du Burkina Faso est constitu\u00e9 de cinq membres, dont un pr\u00e9sident, deux vice-pr\u00e9sidents, un secr\u00e9taire g\u00e9n\u00e9ral et un tr\u00e9sorier. Il a \u00e9t\u00e9 mis en place pour s\u00e9curiser l\u2019information financi\u00e8re qui est d\u2019un int\u00e9r\u00eat public.<\/p>\n<p>Laetitia TRAORE<br \/>(stagiaire)<\/p>\n<div class=\"td-a-rec td-a-rec-id-content_bottom tdi_33_083 td_block_template_1\">\n<p><img loading=\"lazy\" decoding=\"async\" class=\"aligncenter size-full wp-image-27454\" src=\"https:\/\/www.sidwaya.info\/wp-content\/uploads\/2020\/10\/PUB-Bandeau-paiement-mobile-siteweb.jpg\" alt=\"\" width=\"728\" height=\"90\"\/><\/div>\n<p>Auteur: BM. Sidwaya<br \/>\n<a href=\"https:\/\/www.sidwaya.info\/blog\/2021\/04\/22\/validation-de-linformation-financiere-les-experts-comptables-offrent-leurs-services\/\">Cliquez ici pour lire l&rsquo;article depuis sa source.<\/a><\/p>\n","protected":false},"excerpt":{"rendered":"<p>Le Premier ministre, Christophe Joseph Marie Dabir\u00e9, a re\u00e7u en audience, le jeudi 22 avril 2021, \u00e0 Ouagadougou, l\u2019Ordre des experts comptables et des comptables agr\u00e9\u00e9s du Burkina Faso. L\u2019Ordre des experts comptables et des comptables agr\u00e9\u00e9s du Burkina Faso veut se placer au c\u0153ur du dispositif institutionnel en termes de validation de l\u2019information financi\u00e8re. [&hellip;]<\/p>\n","protected":false},"author":1816,"featured_media":0,"comment_status":"closed","ping_status":"closed","sticky":false,"template":"","format":"standard","meta":{"fifu_image_url":"https:\/\/www.sidwaya.info\/wp-content\/uploads\/2021\/04\/pm023.jpg","fifu_image_alt":"Validation de l\u2019information financi\u00e8re: les experts comptables offrent leurs services","footnotes":""},"categories":[73,81],"tags":[],"class_list":["post-115480","post","type-post","status-publish","format-standard","hentry","category-actualite","category-burkina-faso"],"_links":{"self":[{"href":"https:\/\/linitiative.ca\/International\/wp-json\/wp\/v2\/posts\/115480","targetHints":{"allow":["GET"]}}],"collection":[{"href":"https:\/\/linitiative.ca\/International\/wp-json\/wp\/v2\/posts"}],"about":[{"href":"https:\/\/linitiative.ca\/International\/wp-json\/wp\/v2\/types\/post"}],"author":[{"embeddable":true,"href":"https:\/\/linitiative.ca\/International\/wp-json\/wp\/v2\/users\/1816"}],"replies":[{"embeddable":true,"href":"https:\/\/linitiative.ca\/International\/wp-json\/wp\/v2\/comments?post=115480"}],"version-history":[{"count":0,"href":"https:\/\/linitiative.ca\/International\/wp-json\/wp\/v2\/posts\/115480\/revisions"}],"wp:attachment":[{"href":"https:\/\/linitiative.ca\/International\/wp-json\/wp\/v2\/media?parent=115480"}],"wp:term":[{"taxonomy":"category","embeddable":true,"href":"https:\/\/linitiative.ca\/International\/wp-json\/wp\/v2\/categories?post=115480"},{"taxonomy":"post_tag","embeddable":true,"href":"https:\/\/linitiative.ca\/International\/wp-json\/wp\/v2\/tags?post=115480"}],"curies":[{"name":"wp","href":"https:\/\/api.w.org\/{rel}","templated":true}]}}