{"id":115486,"date":"2021-04-23T12:19:05","date_gmt":"2021-04-23T16:19:05","guid":{"rendered":"https:\/\/linitiative.ca\/International\/le-projet-de-loi-sur-lusage-licite-du-cannabis-vise-la-protection-des-agriculteurs-ministre\/"},"modified":"2021-04-23T12:19:05","modified_gmt":"2021-04-23T16:19:05","slug":"le-projet-de-loi-sur-lusage-licite-du-cannabis-vise-la-protection-des-agriculteurs-ministre","status":"publish","type":"post","link":"https:\/\/linitiative.ca\/International\/le-projet-de-loi-sur-lusage-licite-du-cannabis-vise-la-protection-des-agriculteurs-ministre\/","title":{"rendered":"Le projet de loi sur l\u2019usage licite du cannabis vise la protection des agriculteurs (ministre)"},"content":{"rendered":"<div readability=\"32\">\n<p>Publi\u00e9 le 23.04.2021 \u00e0 17h19 par APA News<\/p>\n<\/div>\n<div readability=\"72\">\n<p>Le projet de loi relatif aux usages licites du cannabis vise la protection des agriculteurs des r\u00e9seaux de trafic international de drogues, l\u2019am\u00e9lioration des revenus des agriculteurs et la cr\u00e9ation d\u2019opportunit\u00e9s d\u2019emploi p\u00e9renne, a affirm\u00e9, jeudi \u00e0 Rabat, le ministre de l\u2019Int\u00e9rieur, Abdelouafi Laftit.Pr\u00e9sentant en commission parlementaire, ce projet de loi, le ministre a expliqu\u00e9 qu\u2019en plus des r\u00e9elles opportunit\u00e9s \u00e9conomiques offertes, le texte ambitionne d\u2019att\u00e9nuer les cons\u00e9quences n\u00e9fastes des cultures ill\u00e9gales sur la sant\u00e9 publique et l\u2019environnement, notamment celles li\u00e9s \u00e0 la d\u00e9forestation, qui concerne environ 1000 ha par an, l\u2019\u00e9puisement des sols et des ressources hydriques, ainsi que la pollution des nappes phr\u00e9atiques, et ce, en conformit\u00e9 avec les engagements internationaux du Maroc.<\/p>\n<p>Le texte de loi pr\u00e9voit \u00e9galement la cr\u00e9ation des r\u00e8gles juridiques, organisationnelles et proc\u00e9durales n\u00e9cessaires en vue d\u2019\u00e9viter tout d\u00e9tournement de la l\u00e9galisation de ses objectifs l\u00e9gaux, a-t-il ajout\u00e9.<\/p>\n<p>Dans le but de l\u00e9galiser la culture et la production de cannabis licite de fa\u00e7on \u00e0 r\u00e9aliser les objectifs trac\u00e9s, les conditions d\u2019obtention de l\u2019autorisation n\u00e9cessaires ont \u00e9t\u00e9 fix\u00e9es selon le principe de pr\u00e9f\u00e9rence nationale, tout en exigeant d\u2019avoir la nationalit\u00e9 marocaine et r\u00e9sider dans le territoire cit\u00e9.<\/p>\n<p>Pour garantir la mise en \u0153uvre de ce projet de loi, poursuit le ministre, son chapitre VII pr\u00e9voit la cr\u00e9ation d\u2019un organe de gouvernance incarn\u00e9 par l\u2019Agence nationale de r\u00e9gulation des activit\u00e9s du cannabis, en tant qu\u2019institution publique charg\u00e9e de remplir plusieurs fonctions comme l\u2019octroi, le renouvellement et le retrait des autorisations, conform\u00e9ment aux dispositions du projet de loi.<\/p>\n<\/div>\n<p>Auteur: APA News<br \/>\n<a href=\"https:\/\/www.journalducameroun.com\/le-projet-de-loi-sur-lusage-licite-du-cannabis-vise-la-protection-des-agriculteurs-ministre\/\">Cliquez ici pour lire l&rsquo;article depuis sa source.<\/a><\/p>\n","protected":false},"excerpt":{"rendered":"<p>Publi\u00e9 le 23.04.2021 \u00e0 17h19 par APA News Le projet de loi relatif aux usages licites du cannabis vise la protection des agriculteurs des r\u00e9seaux de trafic international de drogues, l\u2019am\u00e9lioration des revenus des agriculteurs et la cr\u00e9ation d\u2019opportunit\u00e9s d\u2019emploi p\u00e9renne, a affirm\u00e9, jeudi \u00e0 Rabat, le ministre de l\u2019Int\u00e9rieur, Abdelouafi Laftit.Pr\u00e9sentant en commission parlementaire, [&hellip;]<\/p>\n","protected":false},"author":1965,"featured_media":0,"comment_status":"closed","ping_status":"closed","sticky":false,"template":"","format":"standard","meta":{"fifu_image_url":"","fifu_image_alt":"","footnotes":""},"categories":[73,82],"tags":[],"class_list":["post-115486","post","type-post","status-publish","format-standard","hentry","category-actualite","category-cameroun"],"_links":{"self":[{"href":"https:\/\/linitiative.ca\/International\/wp-json\/wp\/v2\/posts\/115486","targetHints":{"allow":["GET"]}}],"collection":[{"href":"https:\/\/linitiative.ca\/International\/wp-json\/wp\/v2\/posts"}],"about":[{"href":"https:\/\/linitiative.ca\/International\/wp-json\/wp\/v2\/types\/post"}],"author":[{"embeddable":true,"href":"https:\/\/linitiative.ca\/International\/wp-json\/wp\/v2\/users\/1965"}],"replies":[{"embeddable":true,"href":"https:\/\/linitiative.ca\/International\/wp-json\/wp\/v2\/comments?post=115486"}],"version-history":[{"count":0,"href":"https:\/\/linitiative.ca\/International\/wp-json\/wp\/v2\/posts\/115486\/revisions"}],"wp:attachment":[{"href":"https:\/\/linitiative.ca\/International\/wp-json\/wp\/v2\/media?parent=115486"}],"wp:term":[{"taxonomy":"category","embeddable":true,"href":"https:\/\/linitiative.ca\/International\/wp-json\/wp\/v2\/categories?post=115486"},{"taxonomy":"post_tag","embeddable":true,"href":"https:\/\/linitiative.ca\/International\/wp-json\/wp\/v2\/tags?post=115486"}],"curies":[{"name":"wp","href":"https:\/\/api.w.org\/{rel}","templated":true}]}}