{"id":115487,"date":"2021-04-23T13:18:02","date_gmt":"2021-04-23T17:18:02","guid":{"rendered":"https:\/\/linitiative.ca\/International\/impots-ivoiriens-6399-milliards-de-fcfa-collectes-au-1er-trimestre-2021\/"},"modified":"2021-04-23T13:18:02","modified_gmt":"2021-04-23T17:18:02","slug":"impots-ivoiriens-6399-milliards-de-fcfa-collectes-au-1er-trimestre-2021","status":"publish","type":"post","link":"https:\/\/linitiative.ca\/International\/impots-ivoiriens-6399-milliards-de-fcfa-collectes-au-1er-trimestre-2021\/","title":{"rendered":"Imp\u00f4ts ivoiriens: 639,9 milliards de Fcfa collect\u00e9s au 1er trimestre 2021"},"content":{"rendered":"<div readability=\"32\">\n<p>Publi\u00e9 le 23.04.2021 \u00e0 18h18 par APA News<\/p>\n<\/div>\n<div readability=\"120\">\n<p>Les services des imp\u00f4ts ivoiriens ont collect\u00e9 639,9 milliards de Fcfa au premier trimestre 2021 pour un objectif de 634,8 milliards Fcfa, soit un \u00e9cart positif de 5,1 milliards de Fcfa.<\/p>\n<p>Les r\u00e9sultats des recettes fiscales du premier trimestre 2021 ont \u00e9t\u00e9 d\u00e9voil\u00e9s, vendredi, lors d\u2019un s\u00e9minaire bilan portant sur les performances enregistr\u00e9es et les perspectives pour le deuxi\u00e8me trimestre 2021. \u00a0\u00a0<\/p>\n<p>\u00ab Au cours des trois premiers mois de l\u2019ann\u00e9e 2021, le montant total des recettes enregistr\u00e9 s\u2019\u00e9tablit \u00e0 639,9 milliards Fcfa pour un objectif de 634,8 milliards Fcfa, d\u00e9gageant un \u00e9cart positif de 5,1 milliards Fcfa \u00bb, a indiqu\u00e9 Mme Bamba Maf\u00e9rima, directrice g\u00e9n\u00e9rale adjoint.<\/p>\n<p>Mme Bamba Maf\u00e9rima, qui repr\u00e9sentait le directeur g\u00e9n\u00e9ral des imp\u00f4ts, Abou Si\u00e9 Ouattara, a relev\u00e9 que ces recettes connaissent \u00ab\u00a0une hausse de 74,8 milliards Fcfa, soit un taux de croissance de 13,2% par rapport au premier trimestre 2020\u00a0\u00bb.<\/p>\n<p>Elle a fait observer que \u00ab\u00a0ces r\u00e9sultats satisfaisants ont \u00e9t\u00e9 obtenus entre autres, gr\u00e2ce \u00e0 la bonne tenue de l\u2019activit\u00e9 \u00e9conomique notamment dans le secteur minier et aux r\u00e9sultats probants du recouvrement des arri\u00e9r\u00e9s\u00a0\u00bb.<\/p>\n<p>La direction g\u00e9n\u00e9rale des imp\u00f4ts compte consolider tout au long de l\u2019ann\u00e9e fiscale en cours avec l\u2019\u00e9largissement de l\u2019assiette, l\u2019am\u00e9lioration du recouvrement des arri\u00e9r\u00e9s et le renforcement de la lutte contre la fraude fiscale.<\/p>\n<p>\u00ab\u00a0Les r\u00e9sultats du 2e trimestre 2020 ne refl\u00e8tent pas r\u00e9ellement notre capacit\u00e9 de recouvrement sur la p\u00e9riode en raison des effets n\u00e9fastes de la pand\u00e9mie de Covid-19 sur notre \u00e9conomie et singuli\u00e8rement sur nos r\u00e9sultats \u00bb, a-t-elle poursuivi.<\/p>\n<p>Adama Sall, le directeur de cabinet adjoint, repr\u00e9sentant le ministre ivoirien du Budget et du portefeuille de l\u2019Etat, a adress\u00e9 des encouragements aux services des imp\u00f4ts au regard des efforts accomplis pour la mobilisation des recettes de l\u2019Etat.<\/p>\n<p>Il est attendu de la direction g\u00e9n\u00e9rale des recettes \u00e0 mobiliser d\u2019un montant de 768,1 milliards Fcfa, soit une hausse de 128,2 milliards de Fcfa par rapport au trimestre pr\u00e9c\u00e9dent. L\u2019un des d\u00e9fis est la capacit\u00e9 du pays \u00e0 mobiliser plus de ressources int\u00e9rieures.<\/p>\n<p>Le directeur de Cabinet adjoint a mentionn\u00e9 que la derni\u00e8re revue du FMI en septembre 2020 a relev\u00e9 qu\u2019un des points critiques \u00e0 surveiller est le taux de pression fiscale, qui est de 12,6%, l\u2019un des plus faibles de l\u2019espace Uemoa et ne correspond pas aux indicateurs d\u2019un pays pr\u00e9-\u00e9mergent.<\/p>\n<p>Certes, nous enregistrons une progression r\u00e9guli\u00e8re de nos recettes fiscales de l\u2019ordre de 10 \u00e0 14% voire 16%. Et je veux vous encourager et non vous en f\u00e9liciter\u00a0\u00bb, a dit M. Adama Sall, au nom du ministre du Budget et du portefeuille de l\u2019Etat.<\/p>\n<p>Concernant l\u2019\u00e9largissement de la population fiscale, les statistiques font ressortir un ratio de un contribuable pour environ 125 personnes. Ce qui est encore faible compar\u00e9 aux ratios de pays avanc\u00e9s du continent qui sont autour de 1 pour 8, voire 6.<\/p>\n<p>\u00ab S\u2019agissant de l\u2019am\u00e9nagement de l\u2019assiette et des taux de certains imp\u00f4ts, je voudrais faire observer que le co\u00fbt des exon\u00e9rations est estim\u00e9 \u00e0 environ 400 milliards Fcfa par an. Il r\u00e9sulte une r\u00e9duction manifeste de l\u2019assiette fiscale\u00bb, a-t-il soulign\u00e9. \u00a0\u00a0<\/p>\n<\/div>\n<p>Auteur: APA News<br \/>\n<a href=\"https:\/\/www.journalducameroun.com\/impots-ivoiriens-6399-milliards-de-fcfa-collectes-au-1er-trimestre-2021\/\">Cliquez ici pour lire l&rsquo;article depuis sa source.<\/a><\/p>\n","protected":false},"excerpt":{"rendered":"<p>Publi\u00e9 le 23.04.2021 \u00e0 18h18 par APA News Les services des imp\u00f4ts ivoiriens ont collect\u00e9 639,9 milliards de Fcfa au premier trimestre 2021 pour un objectif de 634,8 milliards Fcfa, soit un \u00e9cart positif de 5,1 milliards de Fcfa. Les r\u00e9sultats des recettes fiscales du premier trimestre 2021 ont \u00e9t\u00e9 d\u00e9voil\u00e9s, vendredi, lors d\u2019un s\u00e9minaire [&hellip;]<\/p>\n","protected":false},"author":1965,"featured_media":0,"comment_status":"closed","ping_status":"closed","sticky":false,"template":"","format":"standard","meta":{"fifu_image_url":"","fifu_image_alt":"","footnotes":""},"categories":[73,82],"tags":[],"class_list":["post-115487","post","type-post","status-publish","format-standard","hentry","category-actualite","category-cameroun"],"_links":{"self":[{"href":"https:\/\/linitiative.ca\/International\/wp-json\/wp\/v2\/posts\/115487","targetHints":{"allow":["GET"]}}],"collection":[{"href":"https:\/\/linitiative.ca\/International\/wp-json\/wp\/v2\/posts"}],"about":[{"href":"https:\/\/linitiative.ca\/International\/wp-json\/wp\/v2\/types\/post"}],"author":[{"embeddable":true,"href":"https:\/\/linitiative.ca\/International\/wp-json\/wp\/v2\/users\/1965"}],"replies":[{"embeddable":true,"href":"https:\/\/linitiative.ca\/International\/wp-json\/wp\/v2\/comments?post=115487"}],"version-history":[{"count":0,"href":"https:\/\/linitiative.ca\/International\/wp-json\/wp\/v2\/posts\/115487\/revisions"}],"wp:attachment":[{"href":"https:\/\/linitiative.ca\/International\/wp-json\/wp\/v2\/media?parent=115487"}],"wp:term":[{"taxonomy":"category","embeddable":true,"href":"https:\/\/linitiative.ca\/International\/wp-json\/wp\/v2\/categories?post=115487"},{"taxonomy":"post_tag","embeddable":true,"href":"https:\/\/linitiative.ca\/International\/wp-json\/wp\/v2\/tags?post=115487"}],"curies":[{"name":"wp","href":"https:\/\/api.w.org\/{rel}","templated":true}]}}