{"id":115488,"date":"2021-04-23T13:18:02","date_gmt":"2021-04-23T17:18:02","guid":{"rendered":"https:\/\/linitiative.ca\/International\/evaluation-a-abidjan-de-laccord-de-partenariat-economique-cote-divoire-ue\/"},"modified":"2021-04-23T13:18:02","modified_gmt":"2021-04-23T17:18:02","slug":"evaluation-a-abidjan-de-laccord-de-partenariat-economique-cote-divoire-ue","status":"publish","type":"post","link":"https:\/\/linitiative.ca\/International\/evaluation-a-abidjan-de-laccord-de-partenariat-economique-cote-divoire-ue\/","title":{"rendered":"\u00c9valuation \u00e0 Abidjan de l\u2019accord de partenariat \u00e9conomique C\u00f4te d\u2019Ivoire-UE"},"content":{"rendered":"<div readability=\"32\">\n<p>Publi\u00e9 le 23.04.2021 \u00e0 18h18 par APA News<\/p>\n<\/div>\n<div readability=\"79\">\n<p>L\u2019accord de partenariat \u00e9conomique int\u00e9rimaire ( APEI) entre la C\u00f4te d\u2019Ivoire et l\u2019Union europ\u00e9enne ( UE), un accord r\u00e9ciproque de libre-\u00e9change, a \u00e9t\u00e9 \u00e9valu\u00e9 vendredi \u00e0 Abidjan au cours d\u2019un atelier organis\u00e9 par le Forum national sur la dette et la pauvret\u00e9 ( FNDP) de concert avec la Convention de la soci\u00e9t\u00e9 civile ivoirienne ( CSCI).Ces assises organis\u00e9es autour du th\u00e8me : \u00ab \u00c9valuation de l\u2019APEI dans un contexte d\u2019endettement : cas de la C\u00f4te d\u2019Ivoire \u00a0\u00bb permettront d\u2019appr\u00e9cier l\u2019impact de ces accords commerciaux sur l\u2019\u00e9conomie ivoirienne et de formuler des recommandations au gouvernement ivoirien.\u00a0<\/p>\n<p>Selon Olivier Tanoh, le repr\u00e9sentant du ministre ivoirien de l\u2019\u00e9conomie et des finances qui a ouvert cet atelier, l\u2019application de l\u2019APEI pourrait entra\u00eener une baisse progressive des recettes douani\u00e8res de la C\u00f4te d\u2019Ivoire. \u00a0<\/p>\n<p>\u00ab Cette perte de recette douani\u00e8res induirait au niveau des finances publiques une baisse des recettes fiscales \u00bb, a-t-il fait remarquer. Dans la foul\u00e9e, M. Tanoh a fait savoir \u00e9galement que l\u2019analyse de la viabilit\u00e9 de la dette \u00e9valu\u00e9e en novembre 2020 indique que la C\u00f4te d\u2019Ivoire est dans le groupe des pays ayant un risque de surendettement mod\u00e9r\u00e9.\u00a0<\/p>\n<p>\u00a0\u00ab La dette ivoirienne est ma\u00eetris\u00e9e et fait l\u2019objet d\u2019un suivi r\u00e9gulier \u00a0\u00bb, a assur\u00e9 le repr\u00e9sentant du ministre Adama Coulibaly. \u00a0Dans la m\u00eame veine, Alphonse Bobi, le pr\u00e9sident du Forum national sur la dette et la pauvret\u00e9 ( FNDP) a estim\u00e9 que l\u2019APEI n\u2019est pas sans cons\u00e9quence sur l\u2019\u00e9conomie locale ivoirienne.\u00a0<\/p>\n<p>C\u2019est pourquoi, de son avis, il urge pour la C\u00f4te d\u2019Ivoire de mettre en place les m\u00e9canismes efficaces qui soient en mesure de pr\u00e9venir, de d\u00e9tecter et de garantir aux populations leur survie et les activit\u00e9s qui sont les siennes sur un march\u00e9 qui devient de plus en plus concurrentiel.\u00a0<\/p>\n<p>Poursuivant, il a salu\u00e9 le suivi citoyen de l\u2019APEI par les Organisations de la soci\u00e9t\u00e9 civile ivoirienne. De son c\u00f4t\u00e9, Stephane Brossard, qui \u00a0s\u2019est exprim\u00e9 au nom de l\u2019UE \u00e0 ce conclave, a soutenu que l\u2019APEI est un accord qui a une ambition de d\u00e9veloppement mutuel. \u00a0Selon lui, cet accord commercial peut \u00eatre aussi une opportunit\u00e9 pour attirer les investisseurs en C\u00f4te d\u2019Ivoire.\u00a0<\/p>\n<p>L\u2019accord de partenariat \u00e9conomique int\u00e9rimaire ( APEI) entre la C\u00f4te d\u2019Ivoire et l\u2019Union europ\u00e9enne ( UE) a \u00e9t\u00e9 sign\u00e9 en novembre 2008. Cet accord garantit un libre acc\u00e8s de certains produits ivoirien sur le march\u00e9 europ\u00e9en et vice-versa.<\/p>\n<\/div>\n<p>Auteur: APA News<br \/>\n<a href=\"https:\/\/www.journalducameroun.com\/evaluation-a-abidjan-de-laccord-de-partenariat-economique-cote-divoire-ue\/\">Cliquez ici pour lire l&rsquo;article depuis sa source.<\/a><\/p>\n","protected":false},"excerpt":{"rendered":"<p>Publi\u00e9 le 23.04.2021 \u00e0 18h18 par APA News L\u2019accord de partenariat \u00e9conomique int\u00e9rimaire ( APEI) entre la C\u00f4te d\u2019Ivoire et l\u2019Union europ\u00e9enne ( UE), un accord r\u00e9ciproque de libre-\u00e9change, a \u00e9t\u00e9 \u00e9valu\u00e9 vendredi \u00e0 Abidjan au cours d\u2019un atelier organis\u00e9 par le Forum national sur la dette et la pauvret\u00e9 ( FNDP) de concert avec [&hellip;]<\/p>\n","protected":false},"author":1965,"featured_media":0,"comment_status":"closed","ping_status":"closed","sticky":false,"template":"","format":"standard","meta":{"fifu_image_url":"","fifu_image_alt":"","footnotes":""},"categories":[73,82],"tags":[],"class_list":["post-115488","post","type-post","status-publish","format-standard","hentry","category-actualite","category-cameroun"],"_links":{"self":[{"href":"https:\/\/linitiative.ca\/International\/wp-json\/wp\/v2\/posts\/115488","targetHints":{"allow":["GET"]}}],"collection":[{"href":"https:\/\/linitiative.ca\/International\/wp-json\/wp\/v2\/posts"}],"about":[{"href":"https:\/\/linitiative.ca\/International\/wp-json\/wp\/v2\/types\/post"}],"author":[{"embeddable":true,"href":"https:\/\/linitiative.ca\/International\/wp-json\/wp\/v2\/users\/1965"}],"replies":[{"embeddable":true,"href":"https:\/\/linitiative.ca\/International\/wp-json\/wp\/v2\/comments?post=115488"}],"version-history":[{"count":0,"href":"https:\/\/linitiative.ca\/International\/wp-json\/wp\/v2\/posts\/115488\/revisions"}],"wp:attachment":[{"href":"https:\/\/linitiative.ca\/International\/wp-json\/wp\/v2\/media?parent=115488"}],"wp:term":[{"taxonomy":"category","embeddable":true,"href":"https:\/\/linitiative.ca\/International\/wp-json\/wp\/v2\/categories?post=115488"},{"taxonomy":"post_tag","embeddable":true,"href":"https:\/\/linitiative.ca\/International\/wp-json\/wp\/v2\/tags?post=115488"}],"curies":[{"name":"wp","href":"https:\/\/api.w.org\/{rel}","templated":true}]}}