{"id":115491,"date":"2021-04-23T12:54:49","date_gmt":"2021-04-23T16:54:49","guid":{"rendered":"https:\/\/linitiative.ca\/International\/developpement-local-le-feicom-accorde-pres-dun-milliard-de-f-a-la-commune-de-foumban\/"},"modified":"2021-04-23T12:54:49","modified_gmt":"2021-04-23T16:54:49","slug":"developpement-local-le-feicom-accorde-pres-dun-milliard-de-f-a-la-commune-de-foumban","status":"publish","type":"post","link":"https:\/\/linitiative.ca\/International\/developpement-local-le-feicom-accorde-pres-dun-milliard-de-f-a-la-commune-de-foumban\/","title":{"rendered":"D\u00e9veloppement local : le Feicom accorde pr\u00e8s d\u2019un milliard de F \u00e0 la commune de Foumban"},"content":{"rendered":"<p>Les diff\u00e9rentes communaut\u00e9s \u00e9ducatives des \u00e9coles primaires publiques de Mbougom et Njikwet de dans le village Koupa Matapit, de Magnabon, de Mabouo, de Koudoum, de Kouptache, de Machinbain, de Marom, de Njimelen, de Fontain II, et de l\u2019\u00e9cole maternelle de Njiloum verront leur environnement scolaire compl\u00e9tement r\u00e9nov\u00e9 dans les prochains mois. En effet, ces \u00e9tablissements scolaires de la Commune de Foumban dans le d\u00e9partement du Noun \u00e0 l\u2019Ouest du Cameroun relevant de l\u2019\u00e9ducation de base sont b\u00e9n\u00e9ficiaires d\u2019un projet de construction de 09 blocs de 02 salles de classe, d\u2019un bloc mat\u00e9riel, de 10 forages et de 10 blocs latrines \u00e0 06 compartiments. Selon les affirmations de l\u2019\u00e9dile de Foumban, l\u2019honorable Patricia Toma\u00efno Ndam Njoya, ces actions entrent \u00ab dans le cadre de la vision et des axes prioritaires du plan d\u2019action 2020-2021, le projet de construction des 09 blocs de 02 salles de classe, 01 bloc maternel, 10 forages et 10 blocs latrines \u00e0 06 compartiments, que nous avions \u00e9galement soumis au fonds sp\u00e9cial d\u2019\u00e9quipement et d\u2019intervention intercommunal (Feicom) \u00bb.<\/p>\n<p>Ce projet b\u00e9n\u00e9ficie selon les d\u00e9clarations du maire de la commune cit\u00e9 des arts, d\u2019un accord de financement d\u2019un montant de 463.850.000F. \u00ab Le plan architectural nouveau, propos\u00e9 pour ces \u00e9coles qui pr\u00e9voit aussi un mini approvisionnement en eau potable avec un forage solaire \u00bb, a pr\u00e9cis\u00e9 l\u2019actuelle pr\u00e9sidente de l\u2019Union d\u00e9mocratique du Cameroun (UDC), du feu Dr Adamou Ndam Njoya. Le maire de la Commune de Foumban a par ailleurs invit\u00e9 l\u2019ensemble de ses populations \u00e0 consulter le plan architectural de ce projet qui sera non seulement affich\u00e9 \u00e0 la Mairie mais \u00e9galement dans chacun des sites b\u00e9n\u00e9ficiaires du projet. Elle a d\u2019ailleurs tenu \u00e0 faire remarquer que ce concept \u00ab l\u2019\u00e9cole de mes r\u00eaves \u00bb du Minist\u00e8re de l\u2019\u00e9ducation de base (Minedub)-Feicom rejoint ainsi \u00e0 la vision de \u00ab l\u2019\u00e9cole intelligente \u00bb promue par la Commune de Foumban.<\/p>\n<p><strong>Lire aussi<\/strong> : <strong><a href=\"https:\/\/ecomatin.net\/le-feicom-octroie-4638-millions-pour-la-construction-dinfrastructures-educatives-a-foumban\/\">Le Feicom octroie 463,8 millions pour la construction d\u2019infrastructures \u00e9ducatives \u00e0 Foumban<\/a><\/strong><\/p>\n<p>Selon Younouss Mbouombouo Mfopet, chef service technique d\u2019am\u00e9nagement et de la protection civile \u00e0 la mairie de Foumban, le d\u00e9but des travaux sur le terrain est \u00e9minent. \u00ab Pour les \u00e9coles, je suis en phase de constituer les Dao. Ce n\u2019est pas un march\u00e9 qui doit attendre encore longtemps. C\u2019est quelque chose qui est d\u00e9j\u00e0 pr\u00eate. Il faut simplement que le service technique de la Commune soit disponible pour que le march\u00e9 soit lanc\u00e9 \u00bb, a-t-il confi\u00e9. \u00ab Ensemble, nous devons nous engager en vue de la r\u00e9alisation compl\u00e8te la meilleure de ce projet qui va sans nul doute inspirer nos enfants, nos enseignants, ouvrir leurs horizons et permettre leur plein \u00e9panouissement dans un environnement motivant \u00bb, argue Patricia Toma\u00efno Ndam Njoya. Le maire de cette Collectivit\u00e9 territoriale d\u00e9centralis\u00e9e s\u2019est dite \u00eatre engag\u00e9e \u00ab \u00e0 rembourser 15% de ce financement suivant \u00e9chelonnement qui figure dans la convention de financement \u00bb qui lie sa commune \u00e0 la \u00ab banque des communes \u00bb pour le bien-\u00eatre des communaut\u00e9s \u00e9ducatives b\u00e9n\u00e9ficiaires du projet qui sera r\u00e9alis\u00e9 dans le strict respect des cahiers de charges, et guid\u00e9 par les valeurs de transparence et de la participation de tous. Le chef de l\u2019ex\u00e9cutif communal de Foumban dit pouvoir mettre toutes les Communaut\u00e9s \u00e9ducatives concern\u00e9es au courant des \u00e9tapes d\u2019avancement de ce projet social.<\/p>\n<p><strong>Une gare routi\u00e8re ultramoderne<\/strong><\/p>\n<p>La ville de Foumban aura dans les prochains mois sa gare routi\u00e8re ultramoderne. En effet, cette municipalit\u00e9 b\u00e9n\u00e9ficie depuis quelques jours d\u2019un accord de financement du Feicom pour la construction de sa gare routi\u00e8re principale, lit-on d\u2019un communiqu\u00e9 rendu public r\u00e9cemment par Patricia Toma\u00efno Ndam Njoya.\u00a0\u00a0Selon les affirmations de l\u2019\u00e9dile de Foumban la maquette du projet de construction de cette gare routi\u00e8re principale dans la ville, \u00e0 l\u2019entr\u00e9e de la cit\u00e9 des arts par Bafoussam se veut \u00ab originale et contemporaine\u00bb.<\/p>\n<p><strong>Lire aussi<\/strong> : <strong><a href=\"https:\/\/ecomatin.net\/700-millions-de-f-pour-le-village-artisanal-de-bafoussam\/\">700 millions de F pour le village artisanal de Bafoussam<\/a><\/strong><\/p>\n<p>Selon la convention de financement de ce projet g\u00e9n\u00e9rateur de revenus \u00e0 la Commune en ce qui concerne les recettes, contenues dans les cahiers de charges, la mairie par la voix du chef de l\u2019ex\u00e9cutif, s\u2019est dite \u00eatre engag\u00e9e \u00e0 rembourser ce financement suivant un taux bien d\u00e9fini de commun accord. L\u2019heure est d\u00e9sormais \u00e0 la derni\u00e8re \u00e9tude d\u2019impact environnemental pr\u00e9paratoire \u00e0 la pose de la premi\u00e8re pierre de cet \u00e9difice qui viendra contribuer \u00e0 l\u2019am\u00e9lioration de la mobilit\u00e9 urbaine des citoyens de la ville de Foumban, en respect des valeurs \u00e0 transparence et de la participation de tous. Ce projet d\u2019une architecture originale, b\u00e9n\u00e9ficie d\u2019un accord de financement de la banque des communes \u00e0 hauteur de 473.326.380F.<\/p>\n<p><strong>Armel Djiogue<\/strong><\/p>\n<p>Auteur: EcoMatin<br \/>\n<a href=\"https:\/\/ecomatin.net\/developpement-local-le-feicom-accorde-pres-dun-milliard-de-f-a-la-commune-de-foumban\/\">Cliquez ici pour lire l&rsquo;article depuis sa source.<\/a><\/p>\n","protected":false},"excerpt":{"rendered":"<p>Les diff\u00e9rentes communaut\u00e9s \u00e9ducatives des \u00e9coles primaires publiques de Mbougom et Njikwet de dans le village Koupa Matapit, de Magnabon, de Mabouo, de Koudoum, de Kouptache, de Machinbain, de Marom, de Njimelen, de Fontain II, et de l\u2019\u00e9cole maternelle de Njiloum verront leur environnement scolaire compl\u00e9tement r\u00e9nov\u00e9 dans les prochains mois. En effet, ces \u00e9tablissements [&hellip;]<\/p>\n","protected":false},"author":1969,"featured_media":0,"comment_status":"closed","ping_status":"closed","sticky":false,"template":"","format":"standard","meta":{"fifu_image_url":"","fifu_image_alt":"","footnotes":""},"categories":[82,78],"tags":[],"class_list":["post-115491","post","type-post","status-publish","format-standard","hentry","category-cameroun","category-economie"],"_links":{"self":[{"href":"https:\/\/linitiative.ca\/International\/wp-json\/wp\/v2\/posts\/115491","targetHints":{"allow":["GET"]}}],"collection":[{"href":"https:\/\/linitiative.ca\/International\/wp-json\/wp\/v2\/posts"}],"about":[{"href":"https:\/\/linitiative.ca\/International\/wp-json\/wp\/v2\/types\/post"}],"author":[{"embeddable":true,"href":"https:\/\/linitiative.ca\/International\/wp-json\/wp\/v2\/users\/1969"}],"replies":[{"embeddable":true,"href":"https:\/\/linitiative.ca\/International\/wp-json\/wp\/v2\/comments?post=115491"}],"version-history":[{"count":0,"href":"https:\/\/linitiative.ca\/International\/wp-json\/wp\/v2\/posts\/115491\/revisions"}],"wp:attachment":[{"href":"https:\/\/linitiative.ca\/International\/wp-json\/wp\/v2\/media?parent=115491"}],"wp:term":[{"taxonomy":"category","embeddable":true,"href":"https:\/\/linitiative.ca\/International\/wp-json\/wp\/v2\/categories?post=115491"},{"taxonomy":"post_tag","embeddable":true,"href":"https:\/\/linitiative.ca\/International\/wp-json\/wp\/v2\/tags?post=115491"}],"curies":[{"name":"wp","href":"https:\/\/api.w.org\/{rel}","templated":true}]}}